{"id":497,"date":"2024-06-06T09:57:27","date_gmt":"2024-06-06T07:57:27","guid":{"rendered":"https:\/\/www2.lescheminsdumontsaintmichel.com\/vire-8-juin-cinema-et-patrimoine-au-coeur-des-chemins-du-mont\/"},"modified":"2024-10-24T09:51:34","modified_gmt":"2024-10-24T07:51:34","slug":"vire-8-juin-cinema-et-patrimoine-au-coeur-des-chemins-du-mont","status":"publish","type":"post","link":"https:\/\/lescheminsdumontsaintmichel.com\/it\/vire-8-juin-cinema-et-patrimoine-au-coeur-des-chemins-du-mont\/","title":{"rendered":"Vire, 8 giugno, Cinema e patrimonio nel cuore dei Chemins du Mont"},"content":{"rendered":"<p><strong>8 giugno a Vire, citt\u00e0 medievale nel cuore dei Chemins du Mont ,<br \/>\nper inaugurare la terza stagione di \"Cinema e Patrimonio\":<\/strong><\/p>\n<p>Chiesa di Notre-Dame, pomeriggio e sera con Les Chemins du Mont, in occasione dell'80\u00b0 anniversario dello sbarco e della liberazione della citt\u00e0.<\/p>\n<p><strong>Dalle ore 17.00.<\/strong>, <strong>stand ed esposizione dell'associazione<\/strong> \"Vire\" e i pellegrinaggi a Mont Vire nel corso dei secoli.<\/p>\n<p><strong>17 h 30. Visita alla conferenza<\/strong> su \"Vire, citt\u00e0 medievale, dalla distruzione al restauro\" (gratuito al numero 02 31 66 28 50, Ufficio del Turismo).<\/p>\n<p><strong>22 h 30. Proiezione all'aperto davanti alla chiesa di Notre-Dame<\/strong> (anfiteatro Notre-Dame, rue Saulnerie) del film di Jean-Paul Rappeneau (1966) \"Une vie de ch\u00e2teau\" (con Catherine Deneuve, Philippe Noiret, Pierre Brasseur, Henri Garcin, Mary Marquet), un vaudeville bellico sulla vita a porte chiuse in un castello della Normandia alla vigilia del 6 giugno tra una chatelaine oziosa, un ufficiale tedesco e un combattente della Resistenza paracadutato nella regione....<br \/>\nEventi organizzati nell'ambito dell'80\u00b0 anniversario della Liberazione, con la collaborazione dell'Ufficio del Turismo di Vire, della citt\u00e0 di Vire-Normandie e il sostegno del Dipartimento del Calvados, nell'ambito della terza edizione del festival \"Cinema e Patrimonio\".<br \/>\nhttps:\/\/www.calvados.fr\/actu\/cine-spots-partageons-un-film-dans-un-lieu-d-exception<\/p>","protected":false},"excerpt":{"rendered":"<p>8 juin \u00e0 Vire, cit\u00e9 m\u00e9di\u00e9vale au coeur des Chemins du Mont , en ouverture de la 3e saison de \u00ab Cin\u00e9ma et patrimoine \u00bb : \u00e9glise Notre-Dame, apr\u00e8s-midi et soir\u00e9e avec les Chemins du Mont, \u00e0 l\u2019occasion du 80e anniversaire du D\u00e9barquement et de la Lib\u00e9ration de la Ville A partir de 17 h, [&hellip;]<\/p>\n","protected":false},"author":5,"featured_media":1936,"comment_status":"closed","ping_status":"open","sticky":false,"template":"","format":"standard","meta":{"_et_pb_use_builder":"","_et_pb_old_content":"","_et_gb_content_width":"","footnotes":""},"categories":[9,11],"tags":[],"class_list":["post-497","post","type-post","status-publish","format-standard","has-post-thumbnail","hentry","category-actualite","category-agenda"],"_links":{"self":[{"href":"https:\/\/lescheminsdumontsaintmichel.com\/it\/wp-json\/wp\/v2\/posts\/497","targetHints":{"allow":["GET"]}}],"collection":[{"href":"https:\/\/lescheminsdumontsaintmichel.com\/it\/wp-json\/wp\/v2\/posts"}],"about":[{"href":"https:\/\/lescheminsdumontsaintmichel.com\/it\/wp-json\/wp\/v2\/types\/post"}],"author":[{"embeddable":true,"href":"https:\/\/lescheminsdumontsaintmichel.com\/it\/wp-json\/wp\/v2\/users\/5"}],"replies":[{"embeddable":true,"href":"https:\/\/lescheminsdumontsaintmichel.com\/it\/wp-json\/wp\/v2\/comments?post=497"}],"version-history":[{"count":2,"href":"https:\/\/lescheminsdumontsaintmichel.com\/it\/wp-json\/wp\/v2\/posts\/497\/revisions"}],"predecessor-version":[{"id":1938,"href":"https:\/\/lescheminsdumontsaintmichel.com\/it\/wp-json\/wp\/v2\/posts\/497\/revisions\/1938"}],"wp:featuredmedia":[{"embeddable":true,"href":"https:\/\/lescheminsdumontsaintmichel.com\/it\/wp-json\/wp\/v2\/media\/1936"}],"wp:attachment":[{"href":"https:\/\/lescheminsdumontsaintmichel.com\/it\/wp-json\/wp\/v2\/media?parent=497"}],"wp:term":[{"taxonomy":"category","embeddable":true,"href":"https:\/\/lescheminsdumontsaintmichel.com\/it\/wp-json\/wp\/v2\/categories?post=497"},{"taxonomy":"post_tag","embeddable":true,"href":"https:\/\/lescheminsdumontsaintmichel.com\/it\/wp-json\/wp\/v2\/tags?post=497"}],"curies":[{"name":"wp","href":"https:\/\/api.w.org\/{rel}","templated":true}]}}