{"id":495,"date":"2024-04-28T11:07:24","date_gmt":"2024-04-28T09:07:24","guid":{"rendered":"https:\/\/www2.lescheminsdumontsaintmichel.com\/24-26-mai-marche-de-printemps-de-barfleur-a-montebourg\/"},"modified":"2024-10-24T09:52:12","modified_gmt":"2024-10-24T07:52:12","slug":"24-26-mai-marche-de-printemps-de-barfleur-a-montebourg","status":"publish","type":"post","link":"https:\/\/lescheminsdumontsaintmichel.com\/it\/24-26-mai-marche-de-printemps-de-barfleur-a-montebourg\/","title":{"rendered":"24-26 maggio, passeggiata di primavera da Barfleur a Montebourg"},"content":{"rendered":"<p><strong>24-26 maggio, passeggiata di primavera nella Val de Saire, partendo dal Chemin de Barfleur<\/strong>con accoglienze, pause di storia e <strong>passeggiata giornaliera<\/strong> con ritorno in autobus ogni sera dalla partenza del mattino, iscrizione per la giornata da inviare all'associazione (assegno o bonifico bancario, 10 \u20ac al giorno per i soci, 15 \u20ac per i non soci))<\/p>\n<p>In occasione della 9\u00aa edizione del Cammino di primavera dei Chemins du Mont-Saint-Michel, venite a scoprire le prime tappe del Chemin de Barfleur, nella regione del Cotentin, e ripercorrete la Val de Saire e la Pianura, la loro storia, il loro patrimonio e i loro straordinari paesaggi.<br \/>\nSeguiremo principalmente il sentiero costiero (GR\u00ae 223), partendo da Barfleur, il porto medievale dove sbarcavano i pellegrini inglesi diretti a Mont-Saint-Michel e poi a Santiago de Compostela. Si giunge quindi a Montebourg attraverso la regione naturale della Pianura.<\/p>\n<p><a href=\"\/it\/IMG\/pdf\/depliant_red.pdf\/\">Programma e modulo di iscrizione Marche de Barfleur<\/a><br \/>\n<a href=\"\/it\/IMG\/pdf\/hebergements_pdf.pdf\/\">Elenco dei pernottamenti per il cammino di Barfleur<\/a><\/p>","protected":false},"excerpt":{"rendered":"<p>24-26 mai, Marche de printemps en Val de Saire, au d\u00e9part du Chemin de Barfleur, avec accueils, pauses historiques et marche \u00e0 la journ\u00e9e avec retour en bus chaque soir au d\u00e9part du matin, inscriptions \u00e0 la journ\u00e9e \u00e0 adresser \u00e0 \u00e0 l&rsquo;association (ch\u00e8que ou virement bancaire, 10 \u20ac \u00e0 la journ\u00e9e pour les membres, [&hellip;]<\/p>\n","protected":false},"author":5,"featured_media":1939,"comment_status":"closed","ping_status":"open","sticky":false,"template":"","format":"standard","meta":{"_et_pb_use_builder":"","_et_pb_old_content":"","_et_gb_content_width":"","footnotes":""},"categories":[9,11],"tags":[],"class_list":["post-495","post","type-post","status-publish","format-standard","has-post-thumbnail","hentry","category-actualite","category-agenda"],"_links":{"self":[{"href":"https:\/\/lescheminsdumontsaintmichel.com\/it\/wp-json\/wp\/v2\/posts\/495","targetHints":{"allow":["GET"]}}],"collection":[{"href":"https:\/\/lescheminsdumontsaintmichel.com\/it\/wp-json\/wp\/v2\/posts"}],"about":[{"href":"https:\/\/lescheminsdumontsaintmichel.com\/it\/wp-json\/wp\/v2\/types\/post"}],"author":[{"embeddable":true,"href":"https:\/\/lescheminsdumontsaintmichel.com\/it\/wp-json\/wp\/v2\/users\/5"}],"replies":[{"embeddable":true,"href":"https:\/\/lescheminsdumontsaintmichel.com\/it\/wp-json\/wp\/v2\/comments?post=495"}],"version-history":[{"count":2,"href":"https:\/\/lescheminsdumontsaintmichel.com\/it\/wp-json\/wp\/v2\/posts\/495\/revisions"}],"predecessor-version":[{"id":1940,"href":"https:\/\/lescheminsdumontsaintmichel.com\/it\/wp-json\/wp\/v2\/posts\/495\/revisions\/1940"}],"wp:featuredmedia":[{"embeddable":true,"href":"https:\/\/lescheminsdumontsaintmichel.com\/it\/wp-json\/wp\/v2\/media\/1939"}],"wp:attachment":[{"href":"https:\/\/lescheminsdumontsaintmichel.com\/it\/wp-json\/wp\/v2\/media?parent=495"}],"wp:term":[{"taxonomy":"category","embeddable":true,"href":"https:\/\/lescheminsdumontsaintmichel.com\/it\/wp-json\/wp\/v2\/categories?post=495"},{"taxonomy":"post_tag","embeddable":true,"href":"https:\/\/lescheminsdumontsaintmichel.com\/it\/wp-json\/wp\/v2\/tags?post=495"}],"curies":[{"name":"wp","href":"https:\/\/api.w.org\/{rel}","templated":true}]}}