{"id":481,"date":"2023-07-25T12:59:49","date_gmt":"2023-07-25T10:59:49","guid":{"rendered":"https:\/\/www2.lescheminsdumontsaintmichel.com\/23-29-septembre-marche-culturelle-de-mayenne-au-mont\/"},"modified":"2024-10-18T22:32:14","modified_gmt":"2024-10-18T20:32:14","slug":"23-29-septembre-marche-culturelle-de-mayenne-au-mont","status":"publish","type":"post","link":"https:\/\/lescheminsdumontsaintmichel.com\/it\/23-29-septembre-marche-culturelle-de-mayenne-au-mont\/","title":{"rendered":"23-29 settembre, passeggiata culturale da Mayenne a Le Mont"},"content":{"rendered":"<p><img decoding=\"async\" src=\"IMG\/jpg\/flyer_marche_mayenne-1_de_couv.jpg\" alt=\"flyer_marche_mayenne-1_de_couv.jpg\" align=\"left\" \/> L'itinerario da Mayenne a Mont corrisponde alle ultime tappe del \"Grand<br \/>\nChemin montois\" o \"Chemin de Tours au Mont\" via Le Mans e Mayenne. \u00c8 uno dei tre \"percorsi condivisi\", segnalati da Compostela a Mont e viceversa, e seguiti localmente da associazioni giacobine amiche delle zone che attraversano.<br \/>\nQuesta passeggiata da Mayenne a Mont-Saint-Michel \u00e8 uno degli eventi organizzati in occasione del 25\u00b0 anniversario dell'inserimento di Mont-Saint-Michel nell'elenco UNESCO del Cammino di Santiago francese. \u00c8 organizzato in collaborazione con \"Compostelle 53 et autres chemins\".<br \/>\nI pellegrini provenienti da tutta la regione Haut-Maine della Mayenne si sono diretti verso il Mont e hanno lasciato un segno nella memoria collettiva di questa regione poco conosciuta e ricca di storia. Seguite le loro orme e diventate un miquelot!<\/p>\n<p>Chiunque pu\u00f2 partecipare a una o pi\u00f9 giornate di cammino. Tuttavia, \u00e8 necessaria un'iscrizione preventiva.<br \/>\nI prezzi comprendono la supervisione per ogni giorno, le visite e il ritorno in autobus al punto di partenza della giornata. Tutti gli escursionisti devono portare il proprio picnic. I membri dell'associazione beneficiano di una tariffa preferenziale. \u00c8 disponibile un elenco di indirizzi di alloggi vicini a ogni tappa, in modo che gli escursionisti possano prenotare direttamente l'alloggio di loro scelta e unirsi al gruppo per tutto o parte del percorso da Mayenne al Monte Bianco.<\/p>\n<p><strong>Scarica il programma <a href=\"\/it\/IMG\/pdf\/flyer_marche_mayenne_j_tt.pdf\/\">Programma di passeggiate a Mayenne<\/a><\/p>\n<p>Scarico l'elenco con qualche sistemazione <a href=\"\/it\/IMG\/pdf\/quelques_hebergements_mayenne.pdf\/\">Alcuni alloggi a Mayenne au Mont<\/a><\/strong>.<\/p>","protected":false},"excerpt":{"rendered":"<p>Le Chemin de Mayenne au Mont correspond aux derni\u00e8res \u00e9tapes du \u00ab Grand Chemin montois \u00bb ou \u00ab Chemin de Tours au Mont \u00bb via Le Mans et Mayenne,. C\u2019est un des trois \u00ab chemins partag\u00e9s \u00bb, balis\u00e9s de Compostelle au Mont et inversement, et suivis localement par les associations jacquaires amies des terroirs travers\u00e9s. [&hellip;]<\/p>\n","protected":false},"author":5,"featured_media":0,"comment_status":"closed","ping_status":"open","sticky":false,"template":"","format":"standard","meta":{"_et_pb_use_builder":"","_et_pb_old_content":"","_et_gb_content_width":"","footnotes":""},"categories":[9,11],"tags":[],"class_list":["post-481","post","type-post","status-publish","format-standard","hentry","category-actualite","category-agenda"],"_links":{"self":[{"href":"https:\/\/lescheminsdumontsaintmichel.com\/it\/wp-json\/wp\/v2\/posts\/481","targetHints":{"allow":["GET"]}}],"collection":[{"href":"https:\/\/lescheminsdumontsaintmichel.com\/it\/wp-json\/wp\/v2\/posts"}],"about":[{"href":"https:\/\/lescheminsdumontsaintmichel.com\/it\/wp-json\/wp\/v2\/types\/post"}],"author":[{"embeddable":true,"href":"https:\/\/lescheminsdumontsaintmichel.com\/it\/wp-json\/wp\/v2\/users\/5"}],"replies":[{"embeddable":true,"href":"https:\/\/lescheminsdumontsaintmichel.com\/it\/wp-json\/wp\/v2\/comments?post=481"}],"version-history":[{"count":1,"href":"https:\/\/lescheminsdumontsaintmichel.com\/it\/wp-json\/wp\/v2\/posts\/481\/revisions"}],"predecessor-version":[{"id":1258,"href":"https:\/\/lescheminsdumontsaintmichel.com\/it\/wp-json\/wp\/v2\/posts\/481\/revisions\/1258"}],"wp:attachment":[{"href":"https:\/\/lescheminsdumontsaintmichel.com\/it\/wp-json\/wp\/v2\/media?parent=481"}],"wp:term":[{"taxonomy":"category","embeddable":true,"href":"https:\/\/lescheminsdumontsaintmichel.com\/it\/wp-json\/wp\/v2\/categories?post=481"},{"taxonomy":"post_tag","embeddable":true,"href":"https:\/\/lescheminsdumontsaintmichel.com\/it\/wp-json\/wp\/v2\/tags?post=481"}],"curies":[{"name":"wp","href":"https:\/\/api.w.org\/{rel}","templated":true}]}}