{"id":224,"date":"2012-03-01T10:56:24","date_gmt":"2012-03-01T09:56:24","guid":{"rendered":"https:\/\/www2.lescheminsdumontsaintmichel.com\/?p=224"},"modified":"2024-10-20T10:52:52","modified_gmt":"2024-10-20T08:52:52","slug":"sortie-du-topoguide-chemin-vers-le-mont-saint-michel","status":"publish","type":"post","link":"https:\/\/lescheminsdumontsaintmichel.com\/it\/sortie-du-topoguide-chemin-vers-le-mont-saint-michel\/","title":{"rendered":"Pubblicazione della guida Chemin vers le Mont-Saint-Michel"},"content":{"rendered":"<p>Dal sagrato della cattedrale di Notre-Dame a Parigi alla famosa abbazia di Mont-Saint-Michel, scoprite questo grande itinerario storico.<\/p>\n<p>Questa guida (Rf 220) contiene 160 pagine,<br \/>\n- il GR\u00ae 22 da Parigi a Mont<br \/>\n- e il Chemin de saint Michel da Verneuil-sur-Avre a Domfront, presentato come un'opzione al percorso della Grande Randonn\u00e9e.<\/p>\n<p><img decoding=\"async\" src=\"IMG\/jpg\/carte.jpg\" alt=\"carte.jpg\" align=\"center\" \/><\/p>\n<p>Si tratta di una collaborazione esemplare tra l'associazione \"Les Chemins de saint Michel\", la F\u00e9d\u00e9ration Fran\u00e7aise de la Randonn\u00e9e e le autorit\u00e0 locali che la attraversano.<\/p>\n<p><a href=\"http:\/\/www.ffrandonnee.fr\/boutique\/topo-guide.aspx?ref=220&#038;t=gr&#038;v=22\" target=\"_blank\" rel=\"noopener\">Per ordinarlo<\/a><\/p>\n<p>Per celebrare la pubblicazione di questa guida, stiamo preparando un anno di festeggiamenti sui sentieri di San Michele...<\/p>\n<p>... in primavera lungo il percorso nelle nostre citt\u00e0 di sosta, durante la Randobaie dal 22 al 24 giugno, poi a settembre 2012 una passeggiata di cinque giorni tra Domfront e Mont-Saint-Michel...<\/p>\n<hr \/>\n<p><a href=\"#avril\">Domenica 1 aprile, Les Randos du salon<\/a><\/p>\n<p><a href=\"#mai\">Maggio-giugno, ad Argentan<\/a><\/p>\n<p><a href=\"#juin\">Dal 22 al 24 giugno, la Randobaie <\/a><\/p>\n<p><a href=\"#sept\">Giornate del patrimonio a L'Aigle e Verneuil-sur-Avre <\/a><\/p>\n<p><a href=\"#sept2\">Dal 23 al 29 settembre, da Domfront a Le Mont <\/a><\/p>\n<h2><strong>Domenica 1 aprile<\/strong> Lancio ufficiale al Salon des Randonn\u00e9es 2012<\/h2>\n<p><a name=\"#avril\"><\/a><\/p>\n<p><img decoding=\"async\" src=\"IMG\/jpg\/recto_flyer.jpg\" alt=\"lancement au salon des Randonn\u00e9es\" title=\"lancio al Salon des Randonn\u00e9es\" class=\"caption\" align=\"left\" \/><\/p>\n<p>In collaborazione con <a href=\"http:\/\/www.ffrandonnee.fr\/\" target=\"_blank\" rel=\"noopener\">FFRandonn\u00e9e<\/a>Un evento eccezionale: la passeggiata espositiva sui sentieri del Mont-Saint-Michel per scoprire i primi chilometri lungo la Senna.<\/p>\n<p><img decoding=\"async\" src=\"IMG\/jpg\/IMG_1241_-_Copie.jpg\" alt=\"IMG_1241_-_Copie.jpg\" align=\"right\" \/><br \/>\nAll'arrivo al salone, gli escursionisti hanno fatto timbrare i loro libretti Miquelot dall'associazione les chemins de saint Michel presso lo stand. <a href=\"http:\/\/www.cheminsdetoiles.com\/\" target=\"_blank\" rel=\"noopener\">Sentieri verso le stelle<\/a>Questo \u00e8 stato il loro primo passo sulla strada per Mont-Saint-Michel.<\/p>\n<hr \/>\n<h2>In primavera, ad Argentan<\/h2>\n<p><a name=\"#mai\"><\/a><\/p>\n<p>Nuova citt\u00e0 di sosta sui sentieri di San Michele, con un passato ricco e glorioso, la citt\u00e0 ha ospitato una serie di eventi in occasione dell'uscita della topoguida:<\/p>\n<p><img decoding=\"async\" src=\"IMG\/jpg\/DSC04514_-_Copie.jpg\" alt=\"DSC04514_-_Copie.jpg\" align=\"left\" \/><br \/>\n<strong>dal 24 maggio al 23 giugno, una mostra sui Tre Monti dedicata all'Arcangelo presso l'Ufficio del Turismo<\/strong>.<\/p>\n<p><strong>I tre grandi siti dedicati a San Michele in Europa... Mont-Saint-Michel, la Sacra di San Michele e Monte Sant'Angelo<\/strong><\/p>\n<p><img decoding=\"async\" src=\"IMG\/jpg\/DSC03920_-_Copie.jpg\" alt=\"DSC03920_-_Copie.jpg\" align=\"left\" \/><br \/>\n<strong>Sabato 16 giugno, una visita culturale della citt\u00e0<\/strong> sulle orme dei pellegrini e la firma dell'accordo tappa-citt\u00e0<\/p>\n<p>I conti dell'H\u00f4tel-Dieu d'Argentan e gli archivi hanno conservato la memoria dei pellegrini di San Michele, noti come \"Miquelots\" o \"Petits de Saint Michel\".<\/p>\n<hr \/>\n<h2>Dal 22 al 24 giugno la Randobaie<\/h2>\n<p><a name=\"#juin\"><\/a><br \/>\n<img decoding=\"async\" src=\"IMG\/jpg\/034_Rando_baie_22_23_juin_2012.jpg\" alt=\"Rando baie 2012\" title=\"Passeggiata nella baia 2012\" class=\"caption\" align=\"left\" \/><br \/>\nQuest'anno, il <a href=\"http:\/\/www.rando-baie-mont-saint-michel.fr\/\" target=\"_blank\" rel=\"noopener\">5\u00b0 Rando baie<\/a> ha celebrato l'uscita della topoguida con escursioni e passeggiate narrative sulle tappe descritte nella topoguida e una serie di eventi culminati nel lancio ufficiale sabato 23 giugno alla presenza di partner e camminatori.<\/p>\n<hr \/>\n<h2>Giornate del patrimonio<\/h2>\n<p><a name=\"#sept\"><\/a><br \/>\nCi siamo fermati a <strong>Verneuil-sur-Avre<\/strong> e <strong>L'Aigle<\/strong>due importanti citt\u00e0 di sosta lungo il percorso.<\/p>\n<p><strong>Mostre presso il Municipio di L'Aigle e l'Espace Saint-Laurent a Verneuil-sur-Avre<\/strong><\/p>\n<p>I tre grandi siti dedicati a San Michele in Europa... Mont-Saint-Michel, la Sacra di San Michele e Monte Sant'Angelo.<\/p>\n<p><strong>Sabato 15 settembre, prima tappa a L'Aigle<\/strong> in compagnia del Sindaco e dei residenti locali.<\/p>\n<p><strong>2a tappa a Verneuil-sur-Avre per l'inaugurazione dei chiodi di bronzo e la firma dell'accordo tappa-citt\u00e0<\/strong><br \/>\n<img decoding=\"async\" src=\"IMG\/jpg\/flyer_2-2.jpg\" alt=\"programme \u00e0 t\u00e9l\u00e9charger\" title=\"programma da scaricare\" class=\"caption\" align=\"left\" \/><\/p>\n<p>Partendo da Acon al mattino, un gruppo di escursionisti ha percorso una delle tappe descritte nella guida.<\/p>\n<p>La giornata si \u00e8 conclusa con l'intervento di Pauline Maigre che ha presentato il libro che racconta la saga di questa famiglia Miquelote e del suo asino nel 2011.<\/p>\n<p>Scoprite il loro blog da <a href=\"http:\/\/famillemaigre.over-blog.com\/\" target=\"_blank\" rel=\"noopener\">clicca qui<\/a><br \/>\ne le prime immagini della loro avventura in <a href=\"http:\/\/www.surlatracedelarchange.com\/\" target=\"_blank\" rel=\"noopener\">clicca qui<\/a><\/p>\n<hr \/>\n<p><a name=\"#sept2\"><\/a> <\/p>\n<h2>Dal 23 al 29 settembre, passeggiata finale da Domfront<\/h2>\n<p>Quest'anno, il nostro gruppo di miquelot ha seguito le ultime tappe del lungo percorso da Parigi a Mont...<\/p>\n<p>Un totale di 26 Miquelot ha intrapreso l'avventura, con una decina di escursionisti che li accompagnavano ogni giorno.<\/p>\n<p>Una settimana ricca di scoperte: paesaggi magnifici, un patrimonio maestoso, terre di leggende e alcuni sentieri molto belli!<\/p>\n<p>Lungo il percorso, due citt\u00e0 ci hanno aperto le porte: Domfront, con cui abbiamo firmato un accordo di sosta, e Mortain, dove siamo stati accolti con un drink amichevole.<\/p>\n<p>85 Miquelot hanno attraversato la baia sabato 29 settembre, giorno di San Michele. L'evento si \u00e8 concluso sotto un sole splendido dopo la benedizione dei pellegrini.<\/p>\n<p>Potete trovare il nostro rapporto sul <a href=\"http:\/\/marcheurs.blog.pelerin.info\/autres-chemins\/carnet-de-route-2012-des-pelerins-du-mont-saint-michel\/#more-3985\" target=\"_blank\" rel=\"noopener\">blog dei camminatori<\/a> che ci hanno seguito per tutta la settimana!<\/p>\n\n\n<p><\/p>","protected":false},"excerpt":{"rendered":"<p>Du parvis de la cath\u00e9drale Notre-Dame de Paris \u00e0 la c\u00e9l\u00e8bre abbaye du Mont-Saint-Michel, d\u00e9couvrez ce grand chemin historique. Ce topoguide (Rf 220) d\u00e9crit, en 160 pages, &#8211; le GR\u00ae 22 allant de Paris au Mont &#8211; et le Chemin de saint Michel de Verneuil-sur-Avre \u00e0 Domfront, pr\u00e9sent\u00e9 comme une option au chemin de Grande [&hellip;]<\/p>\n","protected":false},"author":5,"featured_media":0,"comment_status":"closed","ping_status":"open","sticky":false,"template":"","format":"standard","meta":{"_et_pb_use_builder":"","_et_pb_old_content":"","_et_gb_content_width":"","footnotes":""},"categories":[8],"tags":[],"class_list":["post-224","post","type-post","status-publish","format-standard","hentry","category-archives"],"_links":{"self":[{"href":"https:\/\/lescheminsdumontsaintmichel.com\/it\/wp-json\/wp\/v2\/posts\/224","targetHints":{"allow":["GET"]}}],"collection":[{"href":"https:\/\/lescheminsdumontsaintmichel.com\/it\/wp-json\/wp\/v2\/posts"}],"about":[{"href":"https:\/\/lescheminsdumontsaintmichel.com\/it\/wp-json\/wp\/v2\/types\/post"}],"author":[{"embeddable":true,"href":"https:\/\/lescheminsdumontsaintmichel.com\/it\/wp-json\/wp\/v2\/users\/5"}],"replies":[{"embeddable":true,"href":"https:\/\/lescheminsdumontsaintmichel.com\/it\/wp-json\/wp\/v2\/comments?post=224"}],"version-history":[{"count":2,"href":"https:\/\/lescheminsdumontsaintmichel.com\/it\/wp-json\/wp\/v2\/posts\/224\/revisions"}],"predecessor-version":[{"id":1849,"href":"https:\/\/lescheminsdumontsaintmichel.com\/it\/wp-json\/wp\/v2\/posts\/224\/revisions\/1849"}],"wp:attachment":[{"href":"https:\/\/lescheminsdumontsaintmichel.com\/it\/wp-json\/wp\/v2\/media?parent=224"}],"wp:term":[{"taxonomy":"category","embeddable":true,"href":"https:\/\/lescheminsdumontsaintmichel.com\/it\/wp-json\/wp\/v2\/categories?post=224"},{"taxonomy":"post_tag","embeddable":true,"href":"https:\/\/lescheminsdumontsaintmichel.com\/it\/wp-json\/wp\/v2\/tags?post=224"}],"curies":[{"name":"wp","href":"https:\/\/api.w.org\/{rel}","templated":true}]}}