{"id":2161,"date":"2025-05-15T09:10:01","date_gmt":"2025-05-15T07:10:01","guid":{"rendered":"https:\/\/lescheminsdumontsaintmichel.com\/?p=2161"},"modified":"2025-05-15T09:10:03","modified_gmt":"2025-05-15T07:10:03","slug":"samedi-17-mai-vimoutiers-21-h-soiree-pierres-en-lumieres-vimoutiers-sur-les-chemins-du-mont","status":"publish","type":"post","link":"https:\/\/lescheminsdumontsaintmichel.com\/it\/samedi-17-mai-vimoutiers-21-h-soiree-pierres-en-lumieres-vimoutiers-sur-les-chemins-du-mont\/","title":{"rendered":"Sabato 17 maggio, Vimoutiers, ore 21.00, serata \"Pierres en lumi\u00e8res\" \"Vimoutiers sur les chemins du Mont\" (Vimoutiers sui sentieri del Monte)"},"content":{"rendered":"\n[et_pb_section][et_pb_row][et_pb_column type=\u00a0\u00bb4_4&Prime;][et_pb_text]<!-- divi:paragraph -->\n<p>Visite nocturne de Vimoutiers autrefois par Patrice Samson, pr\u00e9sident de la Soci\u00e9t\u00e9 historique de Vimoutiers, \u00e0 l&rsquo;occasion du passage des miquelots en pays d&rsquo;Auge ornais, lors de la Marche culturelle de printemps (16-18 mai). Visite patrimoniale aux flambeaux, organis\u00e9e avec le soutien de la Ville de Vimoutiers<\/p>\n<!-- \/divi:paragraph -->\n\n<!-- divi:paragraph -->\n<p>gratuit, sans inscription<\/p>\n<!-- \/divi:paragraph -->[\/et_pb_text][\/et_pb_column][\/et_pb_row][\/et_pb_section]\n","protected":false},"excerpt":{"rendered":"<p><div class=\"et_pb_section et_pb_section_0 et_section_regular\" >\n\t\t\t\t\n\t\t\t\t\n\t\t\t\t\n\t\t\t\t\n\t\t\t\t\n\t\t\t\t\n\t\t\t\t\n\t\t\t\t\n\t\t\t\t\n\t\t\t<\/div><div class=\"et_pb_row et_pb_row_0 et_pb_row_empty\">\n\t\t\t\t\n\t\t\t\t\n\t\t\t\t\n\t\t\t\t\n\t\t\t\t\n\t\t\t<\/div><div class=\"et_pb_module et_pb_text et_pb_text_0  et_pb_text_align_left et_pb_bg_layout_light\">\n\t\t\t\t\n\t\t\t\t\n\t\t\t\t\n\t\t\t\t\n\t\t\t\t\n\t\t\t<\/div> Visita serale della Vimoutiers di un tempo a cura di Patrice Samson, presidente della Soci\u00e9t\u00e9 historique de Vimoutiers, in occasione del passaggio dei miquelots nel Pays d'Auge ornais, durante la Passeggiata culturale di primavera (16-18 maggio). Fiaccolata del patrimonio, organizzata con il sostegno della citt\u00e0 di Vimoutiers, gratuita e senza registrazione.<\/p>","protected":false},"author":5,"featured_media":2164,"comment_status":"open","ping_status":"open","sticky":false,"template":"","format":"standard","meta":{"_et_pb_use_builder":"on","_et_pb_old_content":"<!-- wp:paragraph -->\n<p>Visite nocturne de Vimoutiers autrefois par Patrice Samson, pr\u00e9sident de la Soci\u00e9t\u00e9 historique de Vimoutiers, \u00e0 l'occasion du passage des miquelots en pays d'Auge ornais, lors de la Marche culturelle de printemps (16-18 mai). Visite patrimoniale aux flambeaux, organis\u00e9e avec le soutien de la Ville de Vimoutiers<\/p>\n<!-- \/wp:paragraph -->\n\n<!-- wp:paragraph -->\n<p>gratuit, sans inscription<\/p>\n<!-- \/wp:paragraph -->","_et_gb_content_width":"","footnotes":""},"categories":[9,11],"tags":[],"class_list":["post-2161","post","type-post","status-publish","format-standard","has-post-thumbnail","hentry","category-actualite","category-agenda"],"_links":{"self":[{"href":"https:\/\/lescheminsdumontsaintmichel.com\/it\/wp-json\/wp\/v2\/posts\/2161","targetHints":{"allow":["GET"]}}],"collection":[{"href":"https:\/\/lescheminsdumontsaintmichel.com\/it\/wp-json\/wp\/v2\/posts"}],"about":[{"href":"https:\/\/lescheminsdumontsaintmichel.com\/it\/wp-json\/wp\/v2\/types\/post"}],"author":[{"embeddable":true,"href":"https:\/\/lescheminsdumontsaintmichel.com\/it\/wp-json\/wp\/v2\/users\/5"}],"replies":[{"embeddable":true,"href":"https:\/\/lescheminsdumontsaintmichel.com\/it\/wp-json\/wp\/v2\/comments?post=2161"}],"version-history":[{"count":2,"href":"https:\/\/lescheminsdumontsaintmichel.com\/it\/wp-json\/wp\/v2\/posts\/2161\/revisions"}],"predecessor-version":[{"id":2163,"href":"https:\/\/lescheminsdumontsaintmichel.com\/it\/wp-json\/wp\/v2\/posts\/2161\/revisions\/2163"}],"wp:featuredmedia":[{"embeddable":true,"href":"https:\/\/lescheminsdumontsaintmichel.com\/it\/wp-json\/wp\/v2\/media\/2164"}],"wp:attachment":[{"href":"https:\/\/lescheminsdumontsaintmichel.com\/it\/wp-json\/wp\/v2\/media?parent=2161"}],"wp:term":[{"taxonomy":"category","embeddable":true,"href":"https:\/\/lescheminsdumontsaintmichel.com\/it\/wp-json\/wp\/v2\/categories?post=2161"},{"taxonomy":"post_tag","embeddable":true,"href":"https:\/\/lescheminsdumontsaintmichel.com\/it\/wp-json\/wp\/v2\/tags?post=2161"}],"curies":[{"name":"wp","href":"https:\/\/api.w.org\/{rel}","templated":true}]}}