{"id":200,"date":"2010-05-10T10:56:24","date_gmt":"2010-05-10T08:56:24","guid":{"rendered":"https:\/\/www2.lescheminsdumontsaintmichel.com\/?p=200"},"modified":"2024-10-20T10:51:52","modified_gmt":"2024-10-20T08:51:52","slug":"4e-rencontres-historiques-dardevon","status":"publish","type":"post","link":"https:\/\/lescheminsdumontsaintmichel.com\/it\/4e-rencontres-historiques-dardevon\/","title":{"rendered":"4\u00b0 Incontri storici di Ardevon"},"content":{"rendered":"<p>La quarta edizione dei Rencontres historiques d'Ardevon si \u00e8 svolta sabato 8 maggio 2010 sul tema \"Storie di viaggi e pellegrinaggi a Saint-Michel\". Come nelle prime tre edizioni, i sei interventi si sono concentrati sulla presentazione di ricerche recenti che hanno presentato fonti ad oggi poco conosciute. \u00c8 stata una giornata affascinante, che ha dimostrato ancora una volta la ricchezza e l'ampiezza della ricerca su questi temi.<\/p>\n<p>Durante la giornata abbiamo fatto una pausa alla diga di Couesnon per incontrare i nostri amici bretoni che sarebbero partiti lo stesso giorno con il bombo per passare agli Angioini, nell'ambito di Europa Compostella 2010. \u00c8 stato un altro momento saliente della giornata.<\/p>\n<h2>Programma :<\/h2>\n<p><strong>9 h 15<\/strong> Accogliere i partecipanti<\/p>\n<p><strong>9 h 45<\/strong> Sessione di apertura a cura di Henry Deca\u00ebns, <em>Presidente del Comitato scientifico dell'Associazione \"Les Chemins de saint Michel\".<\/em><\/p>\n<p>Presidente della riunione<\/p>\n<p><strong>10 h 00<\/strong> Daphn\u00e9 Charrier-Debouvry, <em>insegnante di letteratura e storia (Saint-S\u00e9bastien-sur-Loire)<\/em><\/p>\n<p>\"Sulla strada di Monte Sant'Angelo: i pellegrini del Monte Gargano e i loro itinerari (V-XII secolo)\".<\/p>\n<p><strong>10 h 40<\/strong> Jacques Le Maho, <em>Borsista del CNRS, Centro Michel de Bo\u00fcard, CRAHAM, Universit\u00e0 di Caen,<\/em><\/p>\n<p>\"Les Grandes routes vers le Mont au Haut Moyen \u00c2ge\" (Le grandi vie verso il Mont nell'Alto Medioevo)<\/p>\n<p><strong>11 h 20<\/strong> Pausa<\/p>\n<p><strong>11 h 35<\/strong> Claude Bouhier, <em>Direttore onorario del CRDP di Rouen e dell'Associazione \"Les Chemins de saint Michel\".<\/em><\/p>\n<p>\"Pellegrini a Mont-Saint-Michel da Noirmoutier (1390-1395)\".<\/p>\n<p><strong>12 h 15<\/strong> Pranzo<\/p>\n<p><strong>14 h 30<\/strong> Appuntamento al belvedere della diga sul Couesnon per la partenza degli Amis de Saint-Jacques bretons et normands in marcia verso Compostelle.<\/p>\n<p><strong>15 h 00<\/strong> Florence Chalign\u00e9-Lepareur, <em>dottore in storia medievale, Universit\u00e9 du Maine, ingegnere ricercatore presso l'Ecomus\u00e9e du Perche<\/em><\/p>\n<p>Les \"voiages\" au Mont-Saint-Michel dans les testaments du haut Maine, \u00e0 la fin du Moyen \u00c2ge\" (I \"voiages\" a Mont-Saint-Michel nei testamenti dell'Alto Maine alla fine del Medioevo)<\/p>\n<p><strong>15 h 40<\/strong> Fran\u00e7oise L'Homer, <em>Professore onorario (Orl\u00e9ans) e Associazione \"Les Chemins de saint Michel\".<\/em><\/p>\n<p>\"Il pellegrinaggio al Mont du comte Guillaume IV de Henneberg en 1518 d'apr\u00e8s son itin\u00e9raire\".<\/p>\n<p><strong>16 h 20<\/strong> Pausa<\/p>\n<p>16:35 Alexis Douchin, <em>archivista,<\/em><\/p>\n<p>\"Le voyage au Mont de Jean de La Roque au d\u00e9but du XVIIIe si\u00e8cle : un r\u00e9cit entre \u00e9rudition et divertissement\" (Il viaggio di Jean de La Roque al Mont all'inizio del XVIII secolo: un racconto tra erudizione e divertimento)<\/p>\n<p><strong>17 h 15<\/strong> Vincent Juhel, <em>Associazione \"Les Chemins de saint Michel\",<\/em><\/p>\n<p>\"Pellegrinaggio al Monte da parte di due persone di Rouen nel XVIII secolo\".<\/p>\n<p><strong>17 h 30<\/strong> Conclusioni di Henry Deca\u00ebns, <em>Presidente del Comitato scientifico dell'Associazione \"Les Chemins de saint Michel\".<\/em><\/p>\n<p>Presidente della riunione<\/p>","protected":false},"excerpt":{"rendered":"<p>Les 4e Rencontres historiques d&rsquo;Ardevon se sont d\u00e9roul\u00e9es le samedi 8 mai 2010 autour du th\u00e8me : \u00ab\u00a0R\u00e9cits de voyage et de p\u00e8lerinage \u00e0 Saint-Michel\u00a0\u00bb. Comme lors des trois premi\u00e8res \u00e9ditions, les six communications ont mis l&rsquo;accent sur la pr\u00e9sentation de recherches r\u00e9centes pr\u00e9sentant des sources tr\u00e8s peu connues \u00e0 ce jour. Ce fut une [&hellip;]<\/p>\n","protected":false},"author":5,"featured_media":0,"comment_status":"closed","ping_status":"open","sticky":false,"template":"","format":"standard","meta":{"_et_pb_use_builder":"","_et_pb_old_content":"","_et_gb_content_width":"","footnotes":""},"categories":[8],"tags":[],"class_list":["post-200","post","type-post","status-publish","format-standard","hentry","category-archives"],"_links":{"self":[{"href":"https:\/\/lescheminsdumontsaintmichel.com\/it\/wp-json\/wp\/v2\/posts\/200","targetHints":{"allow":["GET"]}}],"collection":[{"href":"https:\/\/lescheminsdumontsaintmichel.com\/it\/wp-json\/wp\/v2\/posts"}],"about":[{"href":"https:\/\/lescheminsdumontsaintmichel.com\/it\/wp-json\/wp\/v2\/types\/post"}],"author":[{"embeddable":true,"href":"https:\/\/lescheminsdumontsaintmichel.com\/it\/wp-json\/wp\/v2\/users\/5"}],"replies":[{"embeddable":true,"href":"https:\/\/lescheminsdumontsaintmichel.com\/it\/wp-json\/wp\/v2\/comments?post=200"}],"version-history":[{"count":1,"href":"https:\/\/lescheminsdumontsaintmichel.com\/it\/wp-json\/wp\/v2\/posts\/200\/revisions"}],"predecessor-version":[{"id":1540,"href":"https:\/\/lescheminsdumontsaintmichel.com\/it\/wp-json\/wp\/v2\/posts\/200\/revisions\/1540"}],"wp:attachment":[{"href":"https:\/\/lescheminsdumontsaintmichel.com\/it\/wp-json\/wp\/v2\/media?parent=200"}],"wp:term":[{"taxonomy":"category","embeddable":true,"href":"https:\/\/lescheminsdumontsaintmichel.com\/it\/wp-json\/wp\/v2\/categories?post=200"},{"taxonomy":"post_tag","embeddable":true,"href":"https:\/\/lescheminsdumontsaintmichel.com\/it\/wp-json\/wp\/v2\/tags?post=200"}],"curies":[{"name":"wp","href":"https:\/\/api.w.org\/{rel}","templated":true}]}}