{"id":497,"date":"2024-06-06T09:57:27","date_gmt":"2024-06-06T07:57:27","guid":{"rendered":"https:\/\/www2.lescheminsdumontsaintmichel.com\/vire-8-juin-cinema-et-patrimoine-au-coeur-des-chemins-du-mont\/"},"modified":"2024-10-24T09:51:34","modified_gmt":"2024-10-24T07:51:34","slug":"vire-8-juin-cinema-et-patrimoine-au-coeur-des-chemins-du-mont","status":"publish","type":"post","link":"https:\/\/lescheminsdumontsaintmichel.com\/es\/vire-8-juin-cinema-et-patrimoine-au-coeur-des-chemins-du-mont\/","title":{"rendered":"Vire, 8 de junio, Cine y patrimonio en el coraz\u00f3n de los Chemins du Mont"},"content":{"rendered":"<p><strong>8 de junio en Vire, ciudad medieval situada en el coraz\u00f3n de los Chemins du Mont ,<br \/>\npara inaugurar la 3\u00aa temporada de \"Cine y Patrimonio\":<\/strong><\/p>\n<p>Iglesia de Notre-Dame, tarde y noche con Les Chemins du Mont, con motivo del 80 aniversario del Desembarco del D\u00eda D y de la Liberaci\u00f3n de la ciudad.<\/p>\n<p><strong>A partir de las 17.00 horas<\/strong>, <strong>stand de la asociaci\u00f3n y exposici\u00f3n<\/strong> \"Vire\" y peregrinaciones al Monte a lo largo de los siglos.<\/p>\n<p><strong>17 h 30. Visita a la conferencia<\/strong> sobre \"Vire, ciudad medieval, de la destrucci\u00f3n a la restauraci\u00f3n\" (gratuito llamando al 02 31 66 28 50, Oficina de Turismo).<\/p>\n<p><strong>22 h 30. Proyecci\u00f3n al aire libre ante la iglesia de Notre-Dame<\/strong> (amphi Notre-Dame, rue Saulnerie) de la pel\u00edcula de Jean-Paul Rappeneau (1966), \"Une vie de ch\u00e2teau\" (con Catherine Deneuve, Philippe Noiret, Pierre Brasseur, Henri Garcin, Mary Marquet), un vodevil b\u00e9lico sobre la vida a puerta cerrada en un castillo de Normand\u00eda en v\u00edsperas del 6 de junio entre una chatelaine ociosa, un oficial alem\u00e1n y un combatiente de la Resistencia lanzado en paraca\u00eddas en la regi\u00f3n.....<br \/>\nActos organizados en el marco del 80 aniversario de la Liberaci\u00f3n, con la colaboraci\u00f3n de la Oficina de Turismo de Vire, la ciudad de Vire-Normandie y el apoyo del Departamento de Calvados, en el marco de la 3\u00aa edici\u00f3n del festival \"Cine y Patrimonio\".<br \/>\nhttps:\/\/www.calvados.fr\/actu\/cine-spots-partageons-un-film-dans-un-lieu-d-exception<\/p>","protected":false},"excerpt":{"rendered":"<p>8 juin \u00e0 Vire, cit\u00e9 m\u00e9di\u00e9vale au coeur des Chemins du Mont , en ouverture de la 3e saison de \u00ab Cin\u00e9ma et patrimoine \u00bb : \u00e9glise Notre-Dame, apr\u00e8s-midi et soir\u00e9e avec les Chemins du Mont, \u00e0 l\u2019occasion du 80e anniversaire du D\u00e9barquement et de la Lib\u00e9ration de la Ville A partir de 17 h, [&hellip;]<\/p>\n","protected":false},"author":5,"featured_media":1936,"comment_status":"closed","ping_status":"open","sticky":false,"template":"","format":"standard","meta":{"_et_pb_use_builder":"","_et_pb_old_content":"","_et_gb_content_width":"","footnotes":""},"categories":[9,11],"tags":[],"class_list":["post-497","post","type-post","status-publish","format-standard","has-post-thumbnail","hentry","category-actualite","category-agenda"],"_links":{"self":[{"href":"https:\/\/lescheminsdumontsaintmichel.com\/es\/wp-json\/wp\/v2\/posts\/497","targetHints":{"allow":["GET"]}}],"collection":[{"href":"https:\/\/lescheminsdumontsaintmichel.com\/es\/wp-json\/wp\/v2\/posts"}],"about":[{"href":"https:\/\/lescheminsdumontsaintmichel.com\/es\/wp-json\/wp\/v2\/types\/post"}],"author":[{"embeddable":true,"href":"https:\/\/lescheminsdumontsaintmichel.com\/es\/wp-json\/wp\/v2\/users\/5"}],"replies":[{"embeddable":true,"href":"https:\/\/lescheminsdumontsaintmichel.com\/es\/wp-json\/wp\/v2\/comments?post=497"}],"version-history":[{"count":2,"href":"https:\/\/lescheminsdumontsaintmichel.com\/es\/wp-json\/wp\/v2\/posts\/497\/revisions"}],"predecessor-version":[{"id":1938,"href":"https:\/\/lescheminsdumontsaintmichel.com\/es\/wp-json\/wp\/v2\/posts\/497\/revisions\/1938"}],"wp:featuredmedia":[{"embeddable":true,"href":"https:\/\/lescheminsdumontsaintmichel.com\/es\/wp-json\/wp\/v2\/media\/1936"}],"wp:attachment":[{"href":"https:\/\/lescheminsdumontsaintmichel.com\/es\/wp-json\/wp\/v2\/media?parent=497"}],"wp:term":[{"taxonomy":"category","embeddable":true,"href":"https:\/\/lescheminsdumontsaintmichel.com\/es\/wp-json\/wp\/v2\/categories?post=497"},{"taxonomy":"post_tag","embeddable":true,"href":"https:\/\/lescheminsdumontsaintmichel.com\/es\/wp-json\/wp\/v2\/tags?post=497"}],"curies":[{"name":"wp","href":"https:\/\/api.w.org\/{rel}","templated":true}]}}