{"id":493,"date":"2024-03-19T10:18:53","date_gmt":"2024-03-19T09:18:53","guid":{"rendered":"https:\/\/www2.lescheminsdumontsaintmichel.com\/lyon-salon-du-randonneur-22-24-mars\/"},"modified":"2024-10-18T10:19:26","modified_gmt":"2024-10-18T08:19:26","slug":"lyon-salon-du-randonneur-22-24-mars","status":"publish","type":"post","link":"https:\/\/lescheminsdumontsaintmichel.com\/es\/lyon-salon-du-randonneur-22-24-mars\/","title":{"rendered":"Lyon, exposici\u00f3n itinerante, del 22 al 24 de marzo"},"content":{"rendered":"<p><img decoding=\"async\" src=\"IMG\/jpg\/visuel_salon_2024.jpg\" alt=\"visuel_salon_2024.jpg\" align=\"left\" \/> Del viernes 22 al domingo 24 de marzo, Les <em>Senderos de monta\u00f1ismo<\/em> estar\u00e1 presente en el Salon du randonneur, que se celebrar\u00e1 en la Cit\u00e9 internationale de Lyon (stand (D 34), para dar a conocer el senderismo de larga distancia (m\u00e1s de seis noches consecutivas en una ruta), en particular gracias a las rutas de la Montagne, en Lyon, escala hist\u00f3rica de los peregrinos que se dirig\u00edan a Saint-Michel desde Italia y el Monte Gargano a Orleans y Chartres antes de llegar al Mont...<br \/>\nPalacio de Congresos de Lyon, Cit\u00e9 internationale, 50 quai Charles de Gaulle (entre el Parque de la T\u00eate d'Or y el R\u00f3dano), entrada B.<br \/>\nAbierto de 10.00 a 19.00 h (18.00 h el domingo). Entrada 5 \u20ac (gratuita para menores de 12 a\u00f1os).<br \/>\nEntradas descargables gratuitas con <a href=\"https:\/\/yurplan.com\/events\/Salon-du-Randonneur\/115340\/tickets?code=3LX96P2Z&#038;fbclid=IwAR2BIRyvzJaG15_GFWIb0Rw0SxrmKiVAbElOtEhmsa87EKPC6IbJ2ky0frA\" target=\"_blank\" rel=\"noopener\">este enlace<\/a><br \/>\nEste a\u00f1o, cada entrada gratuita es v\u00e1lida para una sola persona.<br \/>\nM\u00e1s informaci\u00f3n: https:\/\/www.randonnee.org\/<\/p>","protected":false},"excerpt":{"rendered":"<p>Du vendredi 22 au dimanche 24 mars, Les Chemins du Mont seront \u00e0 votre disposition au Salon du randonneur qui se tiendra \u00e0 la Cit\u00e9 internationale de Lyon (stand (D 34), pour faire conna\u00eetre la grande itin\u00e9rance p\u00e9destre (plus de six nuit\u00e9es cons\u00e9cutives sur un chemin), notamment gr\u00e2ce aux chemins montais, \u00e0 Lyon, \u00e9tape historique [&hellip;]<\/p>\n","protected":false},"author":5,"featured_media":0,"comment_status":"closed","ping_status":"open","sticky":false,"template":"","format":"standard","meta":{"_et_pb_use_builder":"","_et_pb_old_content":"","_et_gb_content_width":"","footnotes":""},"categories":[9,11],"tags":[],"class_list":["post-493","post","type-post","status-publish","format-standard","hentry","category-actualite","category-agenda"],"_links":{"self":[{"href":"https:\/\/lescheminsdumontsaintmichel.com\/es\/wp-json\/wp\/v2\/posts\/493","targetHints":{"allow":["GET"]}}],"collection":[{"href":"https:\/\/lescheminsdumontsaintmichel.com\/es\/wp-json\/wp\/v2\/posts"}],"about":[{"href":"https:\/\/lescheminsdumontsaintmichel.com\/es\/wp-json\/wp\/v2\/types\/post"}],"author":[{"embeddable":true,"href":"https:\/\/lescheminsdumontsaintmichel.com\/es\/wp-json\/wp\/v2\/users\/5"}],"replies":[{"embeddable":true,"href":"https:\/\/lescheminsdumontsaintmichel.com\/es\/wp-json\/wp\/v2\/comments?post=493"}],"version-history":[{"count":1,"href":"https:\/\/lescheminsdumontsaintmichel.com\/es\/wp-json\/wp\/v2\/posts\/493\/revisions"}],"predecessor-version":[{"id":1246,"href":"https:\/\/lescheminsdumontsaintmichel.com\/es\/wp-json\/wp\/v2\/posts\/493\/revisions\/1246"}],"wp:attachment":[{"href":"https:\/\/lescheminsdumontsaintmichel.com\/es\/wp-json\/wp\/v2\/media?parent=493"}],"wp:term":[{"taxonomy":"category","embeddable":true,"href":"https:\/\/lescheminsdumontsaintmichel.com\/es\/wp-json\/wp\/v2\/categories?post=493"},{"taxonomy":"post_tag","embeddable":true,"href":"https:\/\/lescheminsdumontsaintmichel.com\/es\/wp-json\/wp\/v2\/tags?post=493"}],"curies":[{"name":"wp","href":"https:\/\/api.w.org\/{rel}","templated":true}]}}