{"id":480,"date":"2023-05-19T09:38:02","date_gmt":"2023-05-19T07:38:02","guid":{"rendered":"https:\/\/www2.lescheminsdumontsaintmichel.com\/nouveaute-guide-du-grand-chemin-de-chartres-au-mont-saint-michel-au-depart-dorleans\/"},"modified":"2025-02-24T17:12:38","modified_gmt":"2025-02-24T16:12:38","slug":"nouveaute-guide-du-grand-chemin-de-chartres-au-mont-saint-michel-au-depart-dorleans","status":"publish","type":"post","link":"https:\/\/lescheminsdumontsaintmichel.com\/es\/nouveaute-guide-du-grand-chemin-de-chartres-au-mont-saint-michel-au-depart-dorleans\/","title":{"rendered":"Novedad: Gu\u00eda del \"Grand Chemin de Chartres au Mont-Saint-Michel au d\u00e9part d'Orl\u00e9ans\", 449 km,"},"content":{"rendered":"<p><strong>26 de mayo. Publicaci\u00f3n de la Gu\u00eda del \"Grand Chemin de Chartres au Mont-Saint-Michel au d\u00e9part d'Orl\u00e9ans\".<\/strong>23 etapas, 449 km, con una opci\u00f3n ciclista para unirse a la V\u00e9losc\u00e9nie en Chartres<br \/>\nGu\u00eda hist\u00f3rica y patrimonial de 128 p. con 23 fichas de etapas a pie, una ficha ciclista y una ficha pr\u00e1ctica general.<br \/>\nPrecio de venta al p\u00fablico: 15 euros (m\u00e1s 6 euros de gastos de env\u00edo)<\/p>","protected":false},"excerpt":{"rendered":"<p>26 mai. Publication du Guide du \u00ab\u00a0Grand Chemin de Chartres au Mont-Saint-Michel au d\u00e9part d&rsquo;Orl\u00e9ans\u00a0\u00bb, 23 \u00e9tapes, 449 km, avec variante v\u00e9lo pour rejoindre la V\u00e9losc\u00e9nie \u00e0 Chartres Guide historique et patrimonial de 128 p. avec les 23 fiches des \u00e9tapes p\u00e9destres, la fiche v\u00e9lo et une fiche pratique g\u00e9n\u00e9rale Prix de vente : 15 [&hellip;]<\/p>\n","protected":false},"author":5,"featured_media":698,"comment_status":"closed","ping_status":"open","sticky":false,"template":"","format":"standard","meta":{"_et_pb_use_builder":"","_et_pb_old_content":"","_et_gb_content_width":"","footnotes":""},"categories":[9,12],"tags":[],"class_list":["post-480","post","type-post","status-publish","format-standard","has-post-thumbnail","hentry","category-actualite","category-nouveautes"],"_links":{"self":[{"href":"https:\/\/lescheminsdumontsaintmichel.com\/es\/wp-json\/wp\/v2\/posts\/480","targetHints":{"allow":["GET"]}}],"collection":[{"href":"https:\/\/lescheminsdumontsaintmichel.com\/es\/wp-json\/wp\/v2\/posts"}],"about":[{"href":"https:\/\/lescheminsdumontsaintmichel.com\/es\/wp-json\/wp\/v2\/types\/post"}],"author":[{"embeddable":true,"href":"https:\/\/lescheminsdumontsaintmichel.com\/es\/wp-json\/wp\/v2\/users\/5"}],"replies":[{"embeddable":true,"href":"https:\/\/lescheminsdumontsaintmichel.com\/es\/wp-json\/wp\/v2\/comments?post=480"}],"version-history":[{"count":3,"href":"https:\/\/lescheminsdumontsaintmichel.com\/es\/wp-json\/wp\/v2\/posts\/480\/revisions"}],"predecessor-version":[{"id":2073,"href":"https:\/\/lescheminsdumontsaintmichel.com\/es\/wp-json\/wp\/v2\/posts\/480\/revisions\/2073"}],"wp:featuredmedia":[{"embeddable":true,"href":"https:\/\/lescheminsdumontsaintmichel.com\/es\/wp-json\/wp\/v2\/media\/698"}],"wp:attachment":[{"href":"https:\/\/lescheminsdumontsaintmichel.com\/es\/wp-json\/wp\/v2\/media?parent=480"}],"wp:term":[{"taxonomy":"category","embeddable":true,"href":"https:\/\/lescheminsdumontsaintmichel.com\/es\/wp-json\/wp\/v2\/categories?post=480"},{"taxonomy":"post_tag","embeddable":true,"href":"https:\/\/lescheminsdumontsaintmichel.com\/es\/wp-json\/wp\/v2\/tags?post=480"}],"curies":[{"name":"wp","href":"https:\/\/api.w.org\/{rel}","templated":true}]}}