{"id":474,"date":"2023-04-06T17:29:23","date_gmt":"2023-04-06T15:29:23","guid":{"rendered":"https:\/\/www2.lescheminsdumontsaintmichel.com\/nouveaute-pour-partir-a-la-decouverte-des-chemins-du-mont\/"},"modified":"2024-10-18T22:34:05","modified_gmt":"2024-10-18T20:34:05","slug":"nouveaute-pour-partir-a-la-decouverte-des-chemins-du-mont","status":"publish","type":"post","link":"https:\/\/lescheminsdumontsaintmichel.com\/es\/nouveaute-pour-partir-a-la-decouverte-des-chemins-du-mont\/","title":{"rendered":"\u00a1Una nueva forma de descubrir los Chemins du Mont!"},"content":{"rendered":"<p><img decoding=\"async\" src=\"IMG\/jpg\/couv_livre_ouest_france-.jpg\" alt=\"couv_livre_ouest_france-.jpg\" align=\"left\" \/> A partir del 7 de abril, Editions Ouest-France publicar\u00e1 un \"bello libro\" de 224 p\u00e1ginas repleto de fotos y textos sobre<strong> \"Les Chemins du Mont-Saint-Michel\", 10 rutas hacia la \"Maravilla del Oeste\".<\/strong>. Los textos son de la Asociaci\u00f3n, acompa\u00f1ados de hermosas fotos que invitan a descubrir el patrimonio, la historia y los paisajes de cada una de las diez rutas, presentadas por itinerario, desde el punto de partida, por etapa o por zona atravesada. Es una gran invitaci\u00f3n a salir y a ponerse en camino en cuanto empiece a brillar el sol.<br \/>\nEl libro est\u00e1 a la venta por 26 euros en todas las buenas librer\u00edas y, por supuesto, en la Asociaci\u00f3n (ISBN 978-2-7873-8714-2).<br \/>\n<a href=\"https:\/\/www2.lescheminsdumontsaintmichel.com\/beaux-livres\/\">Tienda<\/a><br \/>\n<strong><a href=\"\/es\/article 85\/\">C\u00f3mo hacer un pedido<\/a><\/strong><\/p>","protected":false},"excerpt":{"rendered":"<p>Les Editions Ouest-France proposent \u00e0 partir du 7 avril un \u00ab\u00a0beau livre\u00a0\u00bb de 224 pages, riche de photos et de textes sur \u00ab\u00a0Les Chemins du Mont-Saint-Michel, 10 itin\u00e9raires vers la \u00ab\u00a0Merveille de l&rsquo;Occident\u00a0\u00bb. Les textes sont de l&rsquo;Association, accompagn\u00e9s de belles photos pour inviter \u00e0 la d\u00e9couverte du patrimoine, de l&rsquo;histoire et des paysages de [&hellip;]<\/p>\n","protected":false},"author":5,"featured_media":0,"comment_status":"closed","ping_status":"open","sticky":false,"template":"","format":"standard","meta":{"_et_pb_use_builder":"","_et_pb_old_content":"","_et_gb_content_width":"","footnotes":""},"categories":[9,13],"tags":[],"class_list":["post-474","post","type-post","status-publish","format-standard","hentry","category-actualite","category-publications"],"_links":{"self":[{"href":"https:\/\/lescheminsdumontsaintmichel.com\/es\/wp-json\/wp\/v2\/posts\/474","targetHints":{"allow":["GET"]}}],"collection":[{"href":"https:\/\/lescheminsdumontsaintmichel.com\/es\/wp-json\/wp\/v2\/posts"}],"about":[{"href":"https:\/\/lescheminsdumontsaintmichel.com\/es\/wp-json\/wp\/v2\/types\/post"}],"author":[{"embeddable":true,"href":"https:\/\/lescheminsdumontsaintmichel.com\/es\/wp-json\/wp\/v2\/users\/5"}],"replies":[{"embeddable":true,"href":"https:\/\/lescheminsdumontsaintmichel.com\/es\/wp-json\/wp\/v2\/comments?post=474"}],"version-history":[{"count":1,"href":"https:\/\/lescheminsdumontsaintmichel.com\/es\/wp-json\/wp\/v2\/posts\/474\/revisions"}],"predecessor-version":[{"id":1265,"href":"https:\/\/lescheminsdumontsaintmichel.com\/es\/wp-json\/wp\/v2\/posts\/474\/revisions\/1265"}],"wp:attachment":[{"href":"https:\/\/lescheminsdumontsaintmichel.com\/es\/wp-json\/wp\/v2\/media?parent=474"}],"wp:term":[{"taxonomy":"category","embeddable":true,"href":"https:\/\/lescheminsdumontsaintmichel.com\/es\/wp-json\/wp\/v2\/categories?post=474"},{"taxonomy":"post_tag","embeddable":true,"href":"https:\/\/lescheminsdumontsaintmichel.com\/es\/wp-json\/wp\/v2\/tags?post=474"}],"curies":[{"name":"wp","href":"https:\/\/api.w.org\/{rel}","templated":true}]}}