{"id":2793,"date":"2026-03-03T08:45:32","date_gmt":"2026-03-03T07:45:32","guid":{"rendered":"https:\/\/lescheminsdumontsaintmichel.com\/?p=2793"},"modified":"2026-03-03T08:45:33","modified_gmt":"2026-03-03T07:45:33","slug":"2793-2","status":"publish","type":"post","link":"https:\/\/lescheminsdumontsaintmichel.com\/es\/2793-2\/","title":{"rendered":""},"content":{"rendered":"<p>[et_pb_section fb_built=\u00a0\u00bb1&Prime; _builder_version=\u00a0\u00bb4.27.6&Prime; _module_preset=\u00a0\u00bbdefault\u00a0\u00bb hover_enabled=\u00a0\u00bb0&Prime; global_colors_info=\u00a0\u00bb{}\u00a0\u00bb sticky_enabled=\u00a0\u00bb0&Prime;][et_pb_row _builder_version=\u00a0\u00bb4.27.6&Prime; _module_preset=\u00a0\u00bbdefault\u00a0\u00bb hover_enabled=\u00a0\u00bb0&Prime; global_colors_info=\u00a0\u00bb{}\u00a0\u00bb sticky_enabled=\u00a0\u00bb0&Prime;][et_pb_column type=\u00a0\u00bb4_4&Prime; _builder_version=\u00a0\u00bb4.27.6&Prime; _module_preset=\u00a0\u00bbdefault\u00a0\u00bb global_colors_info=\u00a0\u00bb{}\u00a0\u00bb][et_pb_text _builder_version=\u00a0\u00bb4.27.6&Prime; _module_preset=\u00a0\u00bbdefault\u00a0\u00bb global_colors_info=\u00a0\u00bb{}\u00a0\u00bb]<\/p>\n<div dir=\"auto\"><\/div>\n<div dir=\"auto\"><strong>Chartres, 13 mars, 19 h 30 \u00e0 22 h<\/strong><\/div>\n<div dir=\"auto\">\u00ab\u00a0Chartres \u00e0 la crois\u00e9e des Chemins\u00a0\u00bb,<strong> table-ronde<\/strong> dans le cadre du Festival \u00ab\u00a0ChARTres-Croisement des arts\u00a0\u00bb<\/div>\n<div dir=\"auto\">Les Chemins du Mont-Saint-Michel participeront \u00e0 cette table ronde avec notamment les animateurs jacquets ou martiniens<\/div>\n<div dir=\"auto\">Office de tourisme, 8, rue de la Poissonnerie<\/div>\n<div dir=\"auto\">Avec le<em> P\u00e8lerin<\/em>, entr\u00e9e libre<\/div>\n<p>R\u00e9servation conseill\u00e9e au 06 68 61 08 82 par SMS<\/p>\n<p><span>Voir \u00e0 ce sujet l&rsquo;article de la newsletter du <em>P\u00e8lerin<\/em> : <\/span><a href=\"https:\/\/www.lepelerin.com\/chemins-pelerinages\/lactualite-des-chemins\/festival-chartres-croisement-des-arts-2026-a-chartres-14526\" class=\"x1fey0fg xmper1u x1edh9d7\" target=\"_blank\" rel=\"noopener\"><span>https:\/\/www.lepelerin.com\/chemins-pelerinages\/lactualite-des-chemins\/festival-chartres-croisement-des-arts-2026-a-chartres-14526<\/span><\/a><\/p>\n<p><img loading=\"lazy\" decoding=\"async\" src=\"https:\/\/lescheminsdumontsaintmichel.com\/wp-content\/uploads\/2026\/03\/13-mars-2026-Table-ronde-Chartres-a-la-croisee-des-chemins-ROGNE-724x1024.jpg\" width=\"724\" height=\"1024\" alt=\"\" class=\"wp-image-2796 aligncenter size-large\" \/><\/p>\n<p>[\/et_pb_text][\/et_pb_column][\/et_pb_row][\/et_pb_section]<\/p>\n","protected":false},"excerpt":{"rendered":"<p>Chartres, 13 mars, 19 h 30 \u00e0 22 h \u00ab\u00a0Chartres \u00e0 la crois\u00e9e des Chemins\u00a0\u00bb, table-ronde dans le cadre du Festival \u00ab\u00a0ChARTres-Croisement des arts\u00a0\u00bb Les Chemins du Mont-Saint-Michel participeront \u00e0 cette table ronde avec notamment les animateurs jacquets ou martiniens Office de tourisme, 8, rue de la Poissonnerie Avec le P\u00e8lerin, entr\u00e9e libre R\u00e9servation conseill\u00e9e au 06 68 61 08 82 par SMS Voir \u00e0 ce sujet l&rsquo;article de la newsletter du P\u00e8lerin : https:\/\/www.lepelerin.com\/chemins-pelerinages\/lactualite-des-chemins\/festival-chartres-croisement-des-arts-2026-a-chartres-14526<\/p>","protected":false},"author":5,"featured_media":0,"comment_status":"open","ping_status":"open","sticky":false,"template":"","format":"standard","meta":{"_et_pb_use_builder":"on","_et_pb_old_content":"","_et_gb_content_width":"","footnotes":""},"categories":[1],"tags":[],"class_list":["post-2793","post","type-post","status-publish","format-standard","hentry","category-uncategorized"],"_links":{"self":[{"href":"https:\/\/lescheminsdumontsaintmichel.com\/es\/wp-json\/wp\/v2\/posts\/2793","targetHints":{"allow":["GET"]}}],"collection":[{"href":"https:\/\/lescheminsdumontsaintmichel.com\/es\/wp-json\/wp\/v2\/posts"}],"about":[{"href":"https:\/\/lescheminsdumontsaintmichel.com\/es\/wp-json\/wp\/v2\/types\/post"}],"author":[{"embeddable":true,"href":"https:\/\/lescheminsdumontsaintmichel.com\/es\/wp-json\/wp\/v2\/users\/5"}],"replies":[{"embeddable":true,"href":"https:\/\/lescheminsdumontsaintmichel.com\/es\/wp-json\/wp\/v2\/comments?post=2793"}],"version-history":[{"count":3,"href":"https:\/\/lescheminsdumontsaintmichel.com\/es\/wp-json\/wp\/v2\/posts\/2793\/revisions"}],"predecessor-version":[{"id":2798,"href":"https:\/\/lescheminsdumontsaintmichel.com\/es\/wp-json\/wp\/v2\/posts\/2793\/revisions\/2798"}],"wp:attachment":[{"href":"https:\/\/lescheminsdumontsaintmichel.com\/es\/wp-json\/wp\/v2\/media?parent=2793"}],"wp:term":[{"taxonomy":"category","embeddable":true,"href":"https:\/\/lescheminsdumontsaintmichel.com\/es\/wp-json\/wp\/v2\/categories?post=2793"},{"taxonomy":"post_tag","embeddable":true,"href":"https:\/\/lescheminsdumontsaintmichel.com\/es\/wp-json\/wp\/v2\/tags?post=2793"}],"curies":[{"name":"wp","href":"https:\/\/api.w.org\/{rel}","templated":true}]}}