{"id":2765,"date":"2026-02-17T17:44:50","date_gmt":"2026-02-17T16:44:50","guid":{"rendered":"https:\/\/lescheminsdumontsaintmichel.com\/?p=2765"},"modified":"2026-02-17T17:44:51","modified_gmt":"2026-02-17T16:44:51","slug":"paris-les-chemins-du-mont-au-salon-destinations-nature-12-au-15-mars","status":"publish","type":"post","link":"https:\/\/lescheminsdumontsaintmichel.com\/es\/paris-les-chemins-du-mont-au-salon-destinations-nature-12-au-15-mars\/","title":{"rendered":"Par\u00eds, Les Chemins du Mont en la feria \u00abDestinations Nature\u00bb, del 12 al 15 de marzo"},"content":{"rendered":"\n[et_pb_section][et_pb_row][et_pb_column type=\u00a0\u00bb4_4&Prime;][et_pb_text]<!-- divi:paragraph -->\n<p>Paris, porte de Versailles, salon \u00ab Destinations Nature \u00bb, du jeudi 12 au dimanche 15 mars, Les Chemins du Mont seront accueillis sur le stand de \u00ab\u00a0Chemins d&rsquo;Etoiles\u00a0\u00bb, consacr\u00e9 aux chemins de p\u00e8lerinage. Rendez-vous au Hall 4 (le salon est dans le m\u00eame hall que le Salon mondial du tourisme).<\/p>\n<!-- \/divi:paragraph -->\n\n<!-- divi:paragraph -->\n<p>Les miquelots, grands marcheurs ou pas, sont toujours nombreux et heureux \u00e0 se retrouver en cette occasion, moment convivial d&rsquo;\u00e9change et de partage avec d&rsquo;autres amateurs de Grands chemins.<\/p>\n<!-- \/divi:paragraph -->\n\n<!-- divi:paragraph -->\n<p>Ouvert tous les jours de 10 \u00e0 19 h sauf dimanche de 10 \u00e0 18 h<\/p>\n<!-- \/divi:paragraph -->\n\n<!-- divi:paragraph -->\n<p><strong>Entr\u00e9es gratuites<\/strong> : <a href=\"https:\/\/badge.destinations-nature.com\/accueil.htm?utm_source=website&amp;utm_medium=barter&amp;utm_campaign=SITE-CHEMINS-D-ETOILES&amp;utm_term=visiteur&amp;utm_content=comexposium&amp;fbclid=IwZXh0bgNhZW0CMTAAYnJpZBEwM0VLa2U0eXN1SWhYZU9OaXNydGMGYXBwX2lkEDIyMjAzOTE3ODgyMDA4OTIAAR6bYDaekkkn1s4iNIStwfLwDtQZmwboYTVReVmjsRhL2DkyAAH5P775yXiccA_aem_ZD-9Ph-ydScv67Rqr7Xg-Q\" target=\"_blank\" rel=\"noreferrer noopener\">https:\/\/badge.destinations-nature.com\/accueil.htm&#8230;<\/a><\/p>\n<!-- \/divi:paragraph -->\n\n<!-- divi:paragraph -->\n<p><strong>Renseignements<\/strong> : <a href=\"https:\/\/l.facebook.com\/l.php?u=http%3A%2F%2Fwww.destinations-nature.com%2F%3Ffbclid%3DIwZXh0bgNhZW0CMTAAYnJpZBEwM0VLa2U0eXN1SWhYZU9OaXNydGMGYXBwX2lkEDIyMjAzOTE3ODgyMDA4OTIAAR6kWjgT2_kta3zW6Gp6mKVeTHWL-LyIld-vHfmRAN9JolFx3izAQXIh5IbUpA_aem_EjnqVpv2kQkFRxCk0Lypzg&amp;h=AT0vXq1yXfZuWSMDVlevUUESsbcMfjruMRq6YDC3prHbVr1rLkrOt2OXP4LLc_ew5NdR_u4keX1ON0LGa38KfSB-EaUfmnWgFybBj_YuCdoKLzozfpcSuaQ27BiBDke3IICOeffb_TCYiALEeLlCPBpvKDDbNnas&amp;__tn__=-UK-R&amp;c[0]=AT0tEgyC2MEFci-sCMPGr8rXCj-pC9ajYjNKsh1BdWGVV2mlvqkhepsWI24vkc7_A-9dqVz0yw-Gd4iMqYme47_EdhWeKChcpNC_FUdXN3vcsxQQKrn1bdDSUDCdY1FD12E6amVsoU0VUYaOxQEHVeD_lEtm101leAzphBJQLg\" target=\"_blank\" rel=\"noreferrer noopener\">www.destinations-nature.com<\/a><\/p>\n<!-- \/divi:paragraph -->\n\n<!-- divi:paragraph -->\n<p><strong>Conf\u00e9rence<\/strong> : Samedi 14 mars, 15 h 45. \u00ab\u00a0A travers la France et l&rsquo;Europe sur les Chemins du Mont-Saint-Michel\u00a0\u00bb<\/p>\n<!-- \/divi:paragraph -->\n\n<!-- divi:paragraph -->\n<p>et Les chemins de Saint-Jacques-de-Compostelle en France et en Espagne : lequel choisir ? \u00bb, par Patrick Cilia et G\u00e9rard du Camino<\/p>\n<!-- \/divi:paragraph -->[\/et_pb_text][\/et_pb_column][\/et_pb_row][\/et_pb_section]\n","protected":false},"excerpt":{"rendered":"<p><div class=\"et_pb_section et_pb_section_0 et_section_regular\" >\n\t\t\t\t\n\t\t\t\t\n\t\t\t\t\n\t\t\t\t\n\t\t\t\t\n\t\t\t\t\n\t\t\t\t\n\t\t\t\t\n\t\t\t\t\n\t\t\t<\/div><div class=\"et_pb_row et_pb_row_0 et_pb_row_empty\">\n\t\t\t\t\n\t\t\t\t\n\t\t\t\t\n\t\t\t\t\n\t\t\t\t\n\t\t\t<\/div><div class=\"et_pb_module et_pb_text et_pb_text_0  et_pb_text_align_left et_pb_bg_layout_light\">\n\t\t\t\t\n\t\t\t\t\n\t\t\t\t\n\t\t\t\t\n\t\t\t\t\n\t\t\t<\/div> Paris, porte de Versailles, salon \u00ab Destinations Nature \u00bb, du jeudi 12 au dimanche 15 mars, Les Chemins du Mont seront accueillis sur le stand de \u00ab\u00a0Chemins d&rsquo;Etoiles\u00a0\u00bb, consacr\u00e9 aux chemins de p\u00e8lerinage. Rendez-vous au Hall 4 (le salon est dans le m\u00eame hall que le Salon mondial du tourisme). Les miquelots, grands marcheurs ou pas, sont toujours nombreux et heureux \u00e0 se retrouver en cette occasion, moment convivial d&rsquo;\u00e9change et de partage avec d&rsquo;autres amateurs de Grands chemins. Ouvert tous les jours de 10 \u00e0 19 h sauf dimanche de 10 \u00e0 18 h Entr\u00e9es gratuites : https:\/\/badge.destinations-nature.com\/accueil.htm&#8230; Renseignements : www.destinations-nature.com Conf\u00e9rence : Samedi 14 mars, 15 h 45. \u00ab\u00a0A travers la France et l&rsquo;Europe sur les Chemins du Mont-Saint-Michel\u00a0\u00bb et Les chemins de Saint-Jacques-de-Compostelle en France et en Espagne : lequel choisir ? \u00bb, par Patrick Cilia et G\u00e9rard du Camino<\/p>","protected":false},"author":5,"featured_media":2767,"comment_status":"open","ping_status":"open","sticky":false,"template":"","format":"standard","meta":{"_et_pb_use_builder":"on","_et_pb_old_content":"<!-- wp:paragraph -->\n<p>Paris, porte de Versailles, salon \u00ab Destinations Nature \u00bb, du jeudi 12 au dimanche 15 mars, Les Chemins du Mont seront accueillis sur le stand de \"Chemins d'Etoiles\", consacr\u00e9 aux chemins de p\u00e8lerinage. Rendez-vous au Hall 4 (le salon est dans le m\u00eame hall que le Salon mondial du tourisme).<\/p>\n<!-- \/wp:paragraph -->\n\n<!-- wp:paragraph -->\n<p>Les miquelots, grands marcheurs ou pas, sont toujours nombreux et heureux \u00e0 se retrouver en cette occasion, moment convivial d'\u00e9change et de partage avec d'autres amateurs de Grands chemins.<\/p>\n<!-- \/wp:paragraph -->\n\n<!-- wp:paragraph -->\n<p>Ouvert tous les jours de 10 \u00e0 19 h sauf dimanche de 10 \u00e0 18 h<\/p>\n<!-- \/wp:paragraph -->\n\n<!-- wp:paragraph -->\n<p><strong>Entr\u00e9es gratuites<\/strong> : <a href=\"https:\/\/badge.destinations-nature.com\/accueil.htm?utm_source=website&amp;utm_medium=barter&amp;utm_campaign=SITE-CHEMINS-D-ETOILES&amp;utm_term=visiteur&amp;utm_content=comexposium&amp;fbclid=IwZXh0bgNhZW0CMTAAYnJpZBEwM0VLa2U0eXN1SWhYZU9OaXNydGMGYXBwX2lkEDIyMjAzOTE3ODgyMDA4OTIAAR6bYDaekkkn1s4iNIStwfLwDtQZmwboYTVReVmjsRhL2DkyAAH5P775yXiccA_aem_ZD-9Ph-ydScv67Rqr7Xg-Q\" target=\"_blank\" rel=\"noreferrer noopener\">https:\/\/badge.destinations-nature.com\/accueil.htm...<\/a><\/p>\n<!-- \/wp:paragraph -->\n\n<!-- wp:paragraph -->\n<p><strong>Renseignements<\/strong> : <a href=\"https:\/\/l.facebook.com\/l.php?u=http%3A%2F%2Fwww.destinations-nature.com%2F%3Ffbclid%3DIwZXh0bgNhZW0CMTAAYnJpZBEwM0VLa2U0eXN1SWhYZU9OaXNydGMGYXBwX2lkEDIyMjAzOTE3ODgyMDA4OTIAAR6kWjgT2_kta3zW6Gp6mKVeTHWL-LyIld-vHfmRAN9JolFx3izAQXIh5IbUpA_aem_EjnqVpv2kQkFRxCk0Lypzg&amp;h=AT0vXq1yXfZuWSMDVlevUUESsbcMfjruMRq6YDC3prHbVr1rLkrOt2OXP4LLc_ew5NdR_u4keX1ON0LGa38KfSB-EaUfmnWgFybBj_YuCdoKLzozfpcSuaQ27BiBDke3IICOeffb_TCYiALEeLlCPBpvKDDbNnas&amp;__tn__=-UK-R&amp;c[0]=AT0tEgyC2MEFci-sCMPGr8rXCj-pC9ajYjNKsh1BdWGVV2mlvqkhepsWI24vkc7_A-9dqVz0yw-Gd4iMqYme47_EdhWeKChcpNC_FUdXN3vcsxQQKrn1bdDSUDCdY1FD12E6amVsoU0VUYaOxQEHVeD_lEtm101leAzphBJQLg\" target=\"_blank\" rel=\"noreferrer noopener\">www.destinations-nature.com<\/a><\/p>\n<!-- \/wp:paragraph -->\n\n<!-- wp:paragraph -->\n<p><strong>Conf\u00e9rence<\/strong> : Samedi 14 mars, 15 h 45. \"A travers la France et l'Europe sur les Chemins du Mont-Saint-Michel\"<\/p>\n<!-- \/wp:paragraph -->\n\n<!-- wp:paragraph -->\n<p>et Les chemins de Saint-Jacques-de-Compostelle en France et en Espagne : lequel choisir ? \u00bb, par Patrick Cilia et G\u00e9rard du Camino<\/p>\n<!-- \/wp:paragraph -->","_et_gb_content_width":"","footnotes":""},"categories":[11,9,1],"tags":[],"class_list":["post-2765","post","type-post","status-publish","format-standard","has-post-thumbnail","hentry","category-agenda","category-actualite","category-uncategorized"],"_links":{"self":[{"href":"https:\/\/lescheminsdumontsaintmichel.com\/es\/wp-json\/wp\/v2\/posts\/2765","targetHints":{"allow":["GET"]}}],"collection":[{"href":"https:\/\/lescheminsdumontsaintmichel.com\/es\/wp-json\/wp\/v2\/posts"}],"about":[{"href":"https:\/\/lescheminsdumontsaintmichel.com\/es\/wp-json\/wp\/v2\/types\/post"}],"author":[{"embeddable":true,"href":"https:\/\/lescheminsdumontsaintmichel.com\/es\/wp-json\/wp\/v2\/users\/5"}],"replies":[{"embeddable":true,"href":"https:\/\/lescheminsdumontsaintmichel.com\/es\/wp-json\/wp\/v2\/comments?post=2765"}],"version-history":[{"count":1,"href":"https:\/\/lescheminsdumontsaintmichel.com\/es\/wp-json\/wp\/v2\/posts\/2765\/revisions"}],"predecessor-version":[{"id":2766,"href":"https:\/\/lescheminsdumontsaintmichel.com\/es\/wp-json\/wp\/v2\/posts\/2765\/revisions\/2766"}],"wp:featuredmedia":[{"embeddable":true,"href":"https:\/\/lescheminsdumontsaintmichel.com\/es\/wp-json\/wp\/v2\/media\/2767"}],"wp:attachment":[{"href":"https:\/\/lescheminsdumontsaintmichel.com\/es\/wp-json\/wp\/v2\/media?parent=2765"}],"wp:term":[{"taxonomy":"category","embeddable":true,"href":"https:\/\/lescheminsdumontsaintmichel.com\/es\/wp-json\/wp\/v2\/categories?post=2765"},{"taxonomy":"post_tag","embeddable":true,"href":"https:\/\/lescheminsdumontsaintmichel.com\/es\/wp-json\/wp\/v2\/tags?post=2765"}],"curies":[{"name":"wp","href":"https:\/\/api.w.org\/{rel}","templated":true}]}}