{"id":2631,"date":"2026-01-25T11:25:26","date_gmt":"2026-01-25T10:25:26","guid":{"rendered":"https:\/\/lescheminsdumontsaintmichel.com\/?p=2631"},"modified":"2026-01-25T11:27:07","modified_gmt":"2026-01-25T10:27:07","slug":"salon-paris-randos-nature-30-janvier-1er-fevrier","status":"publish","type":"post","link":"https:\/\/lescheminsdumontsaintmichel.com\/es\/salon-paris-randos-nature-30-janvier-1er-fevrier\/","title":{"rendered":"Par\u00eds Randos Nature, 30 de enero-1 de febrero"},"content":{"rendered":"\n[et_pb_section][et_pb_row][et_pb_column type=\u00a0\u00bb4_4&Prime;][et_pb_text]Paris, 1er Salon Randos Nature au Parc floral de Paris (m\u00e9tro Ch\u00e2teau de Vincennes, 26 route du champ de man\u0153uvre, 75012), du vendredi 30 janvier au dimanche 1er f\u00e9vrier, 10 h &#8211; 19 h (sauf dimanche 18 h)\nVenez d\u00e9couvrir ou rencontrer les \u00ab\u00a0Chemins du Mont-Saint-Michel\u00a0\u00bb au stand D 23 pour pr\u00e9parer votre prochaine aventure sur les Chemins du Mont et devenir ainsi un \u00ab\u00a0miquelot\u00a0\u00bb\nEntr\u00e9es gratuites (sinon 4 \u20ac)\u00a0 \u00e0\n\nhttps:\/\/yp.events\/e9eb455c-e7bc-44a6-8d7c-4c9f552e2e33\/Paris-Randos-Nature-2026?code=CMSMPRN26[\/et_pb_text][\/et_pb_column][\/et_pb_row][\/et_pb_section]\n","protected":false},"excerpt":{"rendered":"<p><div class=\"et_pb_section et_pb_section_0 et_section_regular\" >\n\t\t\t\t\n\t\t\t\t\n\t\t\t\t\n\t\t\t\t\n\t\t\t\t\n\t\t\t\t\n\t\t\t\t\n\t\t\t\t\n\t\t\t\t\n\t\t\t<\/div><div class=\"et_pb_row et_pb_row_0 et_pb_row_empty\">\n\t\t\t\t\n\t\t\t\t\n\t\t\t\t\n\t\t\t\t\n\t\t\t\t\n\t\t\t<\/div><div class=\"et_pb_module et_pb_text et_pb_text_0  et_pb_text_align_left et_pb_bg_layout_light\">\n\t\t\t\t\n\t\t\t\t\n\t\t\t\t\n\t\t\t\t\n\t\t\t\t\n\t\t\t<\/div>Paris, 1er Salon Randos Nature au Parc floral de Paris (m\u00e9tro Ch\u00e2teau de Vincennes, 26 route du champ de man\u0153uvre, 75012), du vendredi 30 janvier au dimanche 1er f\u00e9vrier, 10 h &#8211; 19 h (sauf dimanche 18 h) Venez d\u00e9couvrir ou rencontrer les \u00ab\u00a0Chemins du Mont-Saint-Michel\u00a0\u00bb au stand D 23 pour pr\u00e9parer votre prochaine aventure sur les Chemins du Mont et devenir ainsi un \u00ab\u00a0miquelot\u00a0\u00bb Entr\u00e9es gratuites (sinon 4 \u20ac)\u00a0 \u00e0 https:\/\/yp.events\/e9eb455c-e7bc-44a6-8d7c-4c9f552e2e33\/Paris-Randos-Nature-2026?code=CMSMPRN26<\/p>","protected":false},"author":5,"featured_media":2632,"comment_status":"open","ping_status":"open","sticky":false,"template":"","format":"standard","meta":{"_et_pb_use_builder":"on","_et_pb_old_content":"Paris, 1er Salon Randos Nature au Parc floral de Paris (m\u00e9tro Ch\u00e2teau de Vincennes, 26 route du champ de man\u0153uvre, 75012), du vendredi 30 janvier au dimanche 1er f\u00e9vrier, 10 h - 19 h (sauf dimanche 18 h)\nVenez d\u00e9couvrir ou rencontrer les \"Chemins du Mont-Saint-Michel\" au stand D 23 pour pr\u00e9parer votre prochaine aventure sur les Chemins du Mont et devenir ainsi un \"miquelot\"\nEntr\u00e9es gratuites (sinon 4 \u20ac)\u00a0 \u00e0\n\nhttps:\/\/yp.events\/e9eb455c-e7bc-44a6-8d7c-4c9f552e2e33\/Paris-Randos-Nature-2026?code=CMSMPRN26","_et_gb_content_width":"","footnotes":""},"categories":[11,9,1],"tags":[],"class_list":["post-2631","post","type-post","status-publish","format-standard","has-post-thumbnail","hentry","category-agenda","category-actualite","category-uncategorized"],"_links":{"self":[{"href":"https:\/\/lescheminsdumontsaintmichel.com\/es\/wp-json\/wp\/v2\/posts\/2631","targetHints":{"allow":["GET"]}}],"collection":[{"href":"https:\/\/lescheminsdumontsaintmichel.com\/es\/wp-json\/wp\/v2\/posts"}],"about":[{"href":"https:\/\/lescheminsdumontsaintmichel.com\/es\/wp-json\/wp\/v2\/types\/post"}],"author":[{"embeddable":true,"href":"https:\/\/lescheminsdumontsaintmichel.com\/es\/wp-json\/wp\/v2\/users\/5"}],"replies":[{"embeddable":true,"href":"https:\/\/lescheminsdumontsaintmichel.com\/es\/wp-json\/wp\/v2\/comments?post=2631"}],"version-history":[{"count":2,"href":"https:\/\/lescheminsdumontsaintmichel.com\/es\/wp-json\/wp\/v2\/posts\/2631\/revisions"}],"predecessor-version":[{"id":2636,"href":"https:\/\/lescheminsdumontsaintmichel.com\/es\/wp-json\/wp\/v2\/posts\/2631\/revisions\/2636"}],"wp:featuredmedia":[{"embeddable":true,"href":"https:\/\/lescheminsdumontsaintmichel.com\/es\/wp-json\/wp\/v2\/media\/2632"}],"wp:attachment":[{"href":"https:\/\/lescheminsdumontsaintmichel.com\/es\/wp-json\/wp\/v2\/media?parent=2631"}],"wp:term":[{"taxonomy":"category","embeddable":true,"href":"https:\/\/lescheminsdumontsaintmichel.com\/es\/wp-json\/wp\/v2\/categories?post=2631"},{"taxonomy":"post_tag","embeddable":true,"href":"https:\/\/lescheminsdumontsaintmichel.com\/es\/wp-json\/wp\/v2\/tags?post=2631"}],"curies":[{"name":"wp","href":"https:\/\/api.w.org\/{rel}","templated":true}]}}