{"id":2435,"date":"2025-08-18T23:58:58","date_gmt":"2025-08-18T21:58:58","guid":{"rendered":"https:\/\/lescheminsdumontsaintmichel.com\/?p=2435"},"modified":"2025-08-19T00:44:21","modified_gmt":"2025-08-18T22:44:21","slug":"marchez-sur-le-chemin-de-caen-au-mont-du-21-au-29-septembre","status":"publish","type":"post","link":"https:\/\/lescheminsdumontsaintmichel.com\/es\/marchez-sur-le-chemin-de-caen-au-mont-du-21-au-29-septembre\/","title":{"rendered":"Recorrer el Camino de Caen au Mont del 21 al 29 de septiembre"},"content":{"rendered":"<p>[et_pb_section fb_built=\u00a0\u00bb1&Prime; _builder_version=\u00a0\u00bb4.27.4&Prime; _module_preset=\u00a0\u00bbdefault\u00a0\u00bb global_colors_info=\u00a0\u00bb{}\u00a0\u00bb][et_pb_row _builder_version=\u00a0\u00bb4.27.4&Prime; _module_preset=\u00a0\u00bbdefault\u00a0\u00bb][et_pb_column _builder_version=\u00a0\u00bb4.27.4&Prime; _module_preset=\u00a0\u00bbdefault\u00a0\u00bb type=\u00a0\u00bb4_4&Prime;][et_pb_text _builder_version=\u00a0\u00bb4.27.4&Prime; _module_preset=\u00a0\u00bbdefault\u00a0\u00bb hover_enabled=\u00a0\u00bb0&Prime; sticky_enabled=\u00a0\u00bb0&Prime;]<\/p>\n<p>Le Chemin de Caen au Mont propos\u00e9 correspond \u00e0 l\u2019axe de l\u2019ancienne voie romaine de Vieux \u00e0 Avranches, utilis\u00e9e d\u00e8s avant l\u2019an Mil par les premiers p\u00e8lerins connus du Mont-Saint-Michel. C\u2019est donc un chemin plus que mill\u00e9naire par \u00c9vrecy et Saint-Sever qui vous est propos\u00e9 en 2025 \u00e0 l\u2019occasion du mill\u00e9naire de la premi\u00e8re mention de Caen dans les archives.\u00a0Du c\u0153ur de la Normandie au Bocage, tous ces territoires ont \u00e9t\u00e9 parcourus par les p\u00e8lerins qui convergeaient vers le Mont et ont marqu\u00e9 la m\u00e9moire collective de ce pays \u00e0 red\u00e9couvrir. Marchez dans leurs pas et devenez ainsi miquelot\u00a0!<\/p>\n<p style=\"text-align: center;\"><strong>PROGRAMME<\/strong><\/p>\n<p><strong>\u00a0<\/strong><strong>DIMANCHE 21 SEPTEMBRE : <\/strong><strong>CAEN<\/strong><\/p>\n<p>RDV 14 h \u00e9glise Saint-Michel de Vaucelles, visite puis circuit d\u00e9couverte du Caen m\u00e9di\u00e9val \u00ab Sur les pas des miquelots \u00bb. Accueil en Mairie \u00e0 17 h (ce circuit est aussi propos\u00e9 pour les Journ\u00e9es europ\u00e9ennes du Patrimoine).<\/p>\n<p><strong>LUNDI 22 SEPTEMBRE : <\/strong><strong>Caen\/<\/strong><strong>\u00c9<\/strong><strong>vrecy (23 km)<\/strong><\/p>\n<p>RDV 8 h 15 &#8211; \u00e9glise Saint-Michel de Vaucelles &#8211;\u00a0Pauses historiques \u00e0 Caen, Bretteville-sur-Odon, Fontaine-\u00c9toupefour, Baron-sur-Odon, Esquay-Notre-Dame et \u00c9vrecy.<\/p>\n<p><strong>MERCREDI 24 SEPTEMBRE :\u00a0<\/strong><strong>Danvou-la-Ferri\u00e8re\/Le B\u00e9ny-Bocage (20 km)<\/strong><\/p>\n<p>\u00a08 h 30 RDV \u00e9glise de Danvou-la-Ferri\u00e8re (commune des Monts-d\u2019Aunay) &#8211; Pauses historiques \u00e0 Danvou et \u00e0 Montchauvet<\/p>\n<p><strong>\u00a0<\/strong><strong>JEUDI 25 SEPTEMBRE :\u00a0<\/strong><strong>Le B\u00e9ny-Bocage\/Campagnolles (15 km)<\/strong><\/p>\n<p><strong>8 <\/strong>h 45 RDV \u00e9glise du B\u00e9ny &#8211;\u00a0Pauses historiques au B\u00e9ny, La Graverie, \u00c9touvy, Coulonces et Campagnolles.<\/p>\n<p><strong>\u00a0<\/strong><strong>VENDREDI 26 SEPTEMBRE :\u00a0<\/strong><strong>Saint-Sever-Calvados\/Villedieu-les-Po\u00ebles (20 km)<\/strong><\/p>\n<p>RDV 8 h 30 \u00e9glise de Saint-Sever &#8211; Pauses historiques \u00e0 Saint-Sever, Boisyvon, Saint-Maur-des-Bois, Sainte-C\u00e9cile et Villedieu-les-Po\u00eales.<\/p>\n<p><strong>\u00a0<\/strong><strong>SAMEDI 27 SEPTEMBRE :\u00a0<\/strong><strong>Villedieu-les-Po\u00ebles\/La Haye-Pesnel (19 km)<\/strong><\/p>\n<p>RDV 8 h 30 \u00e9glise de Villedieu-les-Po\u00eales &#8211;\u00a0Pauses historiques au Tanu et \u00e0 La Haye-Pesnel.<\/p>\n<p><strong>\u00a0<\/strong><strong>DIMANCHE 28 SEPTEMBRE <\/strong>: <strong>La Haye-Pesnel\/Gen\u00eats (19 km)<\/strong><\/p>\n<p>RDV 8 h 30 Mairie de La Haye-Pesnel &#8211;\u00a0Pauses historiques \u00e0 La Rochelle-Normande et \u00e0 Sartilly<\/p>\n<p>\u00a0<strong>LUNDI 29 SEPTEMBRE<\/strong> : <strong>Gen\u00eats\/Le Mont-Saint-Michel (14 km)<\/strong><\/p>\n<p>RDV 8 h 45 \u00e9glise de Gen\u00eats &#8211;\u00a0Pauses historiques \u00e0 Gen\u00eats et au prieur\u00e9 de Vains, travers\u00e9e depuis le Grouin du Sud, retour en bus \u00e0 Gen\u00eats<\/p>\n<p>19 h Fin de la manifestation<\/p>\n<p>&nbsp;<\/p>\n<p>Tout le monde peut participer \u00e0 une ou plusieurs journ\u00e9es de marche. <u>L\u2019inscription pr\u00e9alable est toutefois n\u00e9cessaire. <\/u><\/p>\n<p>L\u2019encadrement de chaque journ\u00e9e, les visites et le retour en bus au point de d\u00e9part de la journ\u00e9e sont compris dans les tarifs indiqu\u00e9s. Chaque marcheur apportera son pique-nique. Les membres de l\u2019Association b\u00e9n\u00e9ficient d\u2019un tarif pr\u00e9f\u00e9rentiel. Une liste d\u2019adresses d\u2019h\u00e9bergements vari\u00e9s situ\u00e9s \u00e0 proximit\u00e9 de chaque \u00e9tape est \u00e0 la disposition de chacun afin qu\u2019il puisse r\u00e9server directement l\u2019h\u00e9bergement de son choix et rejoindre ainsi le groupe pour tout ou partie du parcours de Caen au Mont.<\/p>\n<p>Je t\u00e9l\u00e9charge le <a href=\"https:\/\/lescheminsdumontsaintmichel.com\/wp-content\/uploads\/2025\/08\/Flyer-Marche-Caen-Journee.pdf\" rel=\"attachment wp-att-2438\">d\u00e9pliant de la Marche de Caen \u00e0 la journ\u00e9e<\/a><\/p>\n<p>Je t\u00e9l\u00e9charge la s\u00e9lection d&rsquo;<a href=\"https:\/\/lescheminsdumontsaintmichel.com\/wp-content\/uploads\/2025\/08\/Hebergements-Marche-de-Caen-inf-a-65-E.pdf\" rel=\"attachment wp-att-2439\">h\u00e9bergements \u00e0 la nuit\u00e9e \u00e0 moins de 65 \u20ac<\/a><\/p>\n<p>&nbsp;<\/p>\n<p>[\/et_pb_text][\/et_pb_column][\/et_pb_row][\/et_pb_section]<\/p>\n","protected":false},"excerpt":{"rendered":"<p>Le Chemin de Caen au Mont propos\u00e9 correspond \u00e0 l\u2019axe de l\u2019ancienne voie romaine de Vieux \u00e0 Avranches, utilis\u00e9e d\u00e8s avant l\u2019an Mil par les premiers p\u00e8lerins connus du Mont-Saint-Michel. C\u2019est donc un chemin plus que mill\u00e9naire par \u00c9vrecy et Saint-Sever qui vous est propos\u00e9 en 2025 \u00e0 l\u2019occasion du mill\u00e9naire de la premi\u00e8re mention de Caen dans les archives.\u00a0Du c\u0153ur de la Normandie au Bocage, tous ces territoires ont \u00e9t\u00e9 parcourus par les p\u00e8lerins qui convergeaient vers le Mont et ont marqu\u00e9 la m\u00e9moire collective de ce pays \u00e0 red\u00e9couvrir. Marchez dans leurs pas et devenez ainsi miquelot\u00a0! PROGRAMME \u00a0DIMANCHE 21 SEPTEMBRE : CAEN RDV 14 h \u00e9glise Saint-Michel de Vaucelles, visite puis circuit d\u00e9couverte du Caen m\u00e9di\u00e9val \u00ab Sur les pas des miquelots \u00bb. Accueil en Mairie \u00e0 17 h (ce circuit est aussi propos\u00e9 pour les Journ\u00e9es europ\u00e9ennes du Patrimoine). LUNDI 22 SEPTEMBRE : Caen\/\u00c9vrecy (23 km) RDV 8 h 15 &#8211; \u00e9glise Saint-Michel de Vaucelles &#8211;\u00a0Pauses historiques \u00e0 Caen, Bretteville-sur-Odon, Fontaine-\u00c9toupefour, Baron-sur-Odon, Esquay-Notre-Dame et \u00c9vrecy. MERCREDI 24 SEPTEMBRE :\u00a0Danvou-la-Ferri\u00e8re\/Le B\u00e9ny-Bocage (20 km) \u00a08 h 30 RDV \u00e9glise de Danvou-la-Ferri\u00e8re (commune des Monts-d\u2019Aunay) &#8211; Pauses historiques \u00e0 Danvou et \u00e0 Montchauvet \u00a0JEUDI 25 SEPTEMBRE :\u00a0Le B\u00e9ny-Bocage\/Campagnolles (15 [&hellip;]<\/p>\n","protected":false},"author":5,"featured_media":2441,"comment_status":"open","ping_status":"open","sticky":false,"template":"","format":"standard","meta":{"_et_pb_use_builder":"on","_et_pb_old_content":"","_et_gb_content_width":"","footnotes":""},"categories":[1,9,11],"tags":[17,16],"class_list":["post-2435","post","type-post","status-publish","format-standard","has-post-thumbnail","hentry","category-uncategorized","category-actualite","category-agenda","tag-caen","tag-marche-culturelle"],"_links":{"self":[{"href":"https:\/\/lescheminsdumontsaintmichel.com\/es\/wp-json\/wp\/v2\/posts\/2435","targetHints":{"allow":["GET"]}}],"collection":[{"href":"https:\/\/lescheminsdumontsaintmichel.com\/es\/wp-json\/wp\/v2\/posts"}],"about":[{"href":"https:\/\/lescheminsdumontsaintmichel.com\/es\/wp-json\/wp\/v2\/types\/post"}],"author":[{"embeddable":true,"href":"https:\/\/lescheminsdumontsaintmichel.com\/es\/wp-json\/wp\/v2\/users\/5"}],"replies":[{"embeddable":true,"href":"https:\/\/lescheminsdumontsaintmichel.com\/es\/wp-json\/wp\/v2\/comments?post=2435"}],"version-history":[{"count":7,"href":"https:\/\/lescheminsdumontsaintmichel.com\/es\/wp-json\/wp\/v2\/posts\/2435\/revisions"}],"predecessor-version":[{"id":2451,"href":"https:\/\/lescheminsdumontsaintmichel.com\/es\/wp-json\/wp\/v2\/posts\/2435\/revisions\/2451"}],"wp:featuredmedia":[{"embeddable":true,"href":"https:\/\/lescheminsdumontsaintmichel.com\/es\/wp-json\/wp\/v2\/media\/2441"}],"wp:attachment":[{"href":"https:\/\/lescheminsdumontsaintmichel.com\/es\/wp-json\/wp\/v2\/media?parent=2435"}],"wp:term":[{"taxonomy":"category","embeddable":true,"href":"https:\/\/lescheminsdumontsaintmichel.com\/es\/wp-json\/wp\/v2\/categories?post=2435"},{"taxonomy":"post_tag","embeddable":true,"href":"https:\/\/lescheminsdumontsaintmichel.com\/es\/wp-json\/wp\/v2\/tags?post=2435"}],"curies":[{"name":"wp","href":"https:\/\/api.w.org\/{rel}","templated":true}]}}