{"id":230,"date":"2012-09-01T10:56:24","date_gmt":"2012-09-01T08:56:24","guid":{"rendered":"https:\/\/www2.lescheminsdumontsaintmichel.com\/?p=230"},"modified":"2024-10-20T10:49:49","modified_gmt":"2024-10-20T08:49:49","slug":"conference-historique-de-pierre-bouet","status":"publish","type":"post","link":"https:\/\/lescheminsdumontsaintmichel.com\/es\/conference-historique-de-pierre-bouet\/","title":{"rendered":"Conferencia hist\u00f3rica de Pierre Bouet"},"content":{"rendered":"<p>El s\u00e1bado 10 de noviembre en Villedieu-les-Po\u00eales, le ofrecemos la posibilidad de elaborar <strong>una revisi\u00f3n de las investigaciones realizadas en los \u00faltimos 15 a\u00f1os sobre el culto y las peregrinaciones a San Miguel en Europa<\/strong>.<\/p>\n<p>Esta nueva investigaci\u00f3n se dedic\u00f3 al culto de San Miguel en Europa y a los tres montes a \u00e9l dedicados: el Monte Gargan en el sur de Italia, el Monte Saint-Michel en Normand\u00eda y San Michele della Chiusa en Piamonte. En el marco de los programas europeos, numerosos investigadores franceses y extranjeros han organizado varios coloquios internacionales, entre ellos los celebrados en Cerisy, Ardevon y Mont Saint-Michel.<\/p>\n<p><strong>Pierre Bouet<\/strong>Presidente honorario de la Oficina Universitaria de Estudios Normandos de la Universidad de Caen y miembro del comit\u00e9 cient\u00edfico de la asociaci\u00f3n Les Chemins de saint Michel, participa activamente en esta investigaci\u00f3n desde hace m\u00e1s de diez a\u00f1os.<\/p>\n<p><center><strong>\"Nuevas perspectivas sobre el culto a San Miguel en Europa (siglos VI-XX). Balance de las investigaciones realizadas en los \u00faltimos quince a\u00f1os\",<\/p>\n<p>S\u00e1bado 10 de noviembre de 2012 a las 15.30 h<\/p>\n<p>en el Cin\u00e9ma Rex de Villedieu-les-Po\u00eales,<\/p>\n<p>communaut\u00e9 de communes etapa en los caminos de Saint Michel,<\/p>\n<p>(entrada gratuita).<\/strong><\/p>\n<p>En colaboraci\u00f3n con la Soci\u00e9t\u00e9 arch\u00e9ologique d'Avranches, Mortain et Granville, los Amigos del Mont-Saint-Michel y Chemins de saint Michel.<\/center><\/p>\n<p>Al mismo tiempo, la asociaci\u00f3n promover\u00e1 la venta de vol\u00famenes de los distintos simposios cuyas investigaciones se debatir\u00e1n en esta conferencia p\u00fablica. <\/p>","protected":false},"excerpt":{"rendered":"<p>Le samedi 10 novembre \u00e0 Villedieu-les-Po\u00eales, nous vous proposons de dresser un bilan des recherches effectu\u00e9es depuis 15 ans sur le culte et les p\u00e8lerinages \u00e0 saint Michel en Europe. Ces nouvelles recherches ont \u00e9t\u00e9 consacr\u00e9es au culte de saint Michel en Europe et aux trois Monts qui lui sont d\u00e9di\u00e9s : le Mont Gargan [&hellip;]<\/p>\n","protected":false},"author":5,"featured_media":0,"comment_status":"closed","ping_status":"open","sticky":false,"template":"","format":"standard","meta":{"_et_pb_use_builder":"","_et_pb_old_content":"","_et_gb_content_width":"","footnotes":""},"categories":[8],"tags":[],"class_list":["post-230","post","type-post","status-publish","format-standard","hentry","category-archives"],"_links":{"self":[{"href":"https:\/\/lescheminsdumontsaintmichel.com\/es\/wp-json\/wp\/v2\/posts\/230","targetHints":{"allow":["GET"]}}],"collection":[{"href":"https:\/\/lescheminsdumontsaintmichel.com\/es\/wp-json\/wp\/v2\/posts"}],"about":[{"href":"https:\/\/lescheminsdumontsaintmichel.com\/es\/wp-json\/wp\/v2\/types\/post"}],"author":[{"embeddable":true,"href":"https:\/\/lescheminsdumontsaintmichel.com\/es\/wp-json\/wp\/v2\/users\/5"}],"replies":[{"embeddable":true,"href":"https:\/\/lescheminsdumontsaintmichel.com\/es\/wp-json\/wp\/v2\/comments?post=230"}],"version-history":[{"count":1,"href":"https:\/\/lescheminsdumontsaintmichel.com\/es\/wp-json\/wp\/v2\/posts\/230\/revisions"}],"predecessor-version":[{"id":1513,"href":"https:\/\/lescheminsdumontsaintmichel.com\/es\/wp-json\/wp\/v2\/posts\/230\/revisions\/1513"}],"wp:attachment":[{"href":"https:\/\/lescheminsdumontsaintmichel.com\/es\/wp-json\/wp\/v2\/media?parent=230"}],"wp:term":[{"taxonomy":"category","embeddable":true,"href":"https:\/\/lescheminsdumontsaintmichel.com\/es\/wp-json\/wp\/v2\/categories?post=230"},{"taxonomy":"post_tag","embeddable":true,"href":"https:\/\/lescheminsdumontsaintmichel.com\/es\/wp-json\/wp\/v2\/tags?post=230"}],"curies":[{"name":"wp","href":"https:\/\/api.w.org\/{rel}","templated":true}]}}