{"id":225,"date":"2011-07-04T10:58:45","date_gmt":"2011-07-04T08:58:45","guid":{"rendered":"https:\/\/www2.lescheminsdumontsaintmichel.com\/?p=225"},"modified":"2024-10-20T10:39:08","modified_gmt":"2024-10-20T08:39:08","slug":"nouveau-topoguide-chemin-vers-le-mont-saint-michel","status":"publish","type":"post","link":"https:\/\/lescheminsdumontsaintmichel.com\/es\/nouveau-topoguide-chemin-vers-le-mont-saint-michel\/","title":{"rendered":"Nueva Topogu\u00eda Camino del Mont-Saint-Michel"},"content":{"rendered":"<p>Desde la explanada de la catedral de Notre-Dame en Par\u00eds hasta la abad\u00eda del Monte Saint Michel, muchos peregrinos, conocidos como miquelots, han seguido esta ruta hist\u00f3rica a lo largo de los siglos.<\/p>\n<p><a href=\"http:\/\/www.ffrandonnee.fr\/boutique\/topo-guide.aspx?ref=220&#038;t=gr&#038;v=22\" target=\"_blank\" rel=\"noopener\">Para pedirlo<\/a><\/p>\n<p><img decoding=\"async\" src=\"IMG\/jpg\/une_de_couv.jpg\" alt=\"le topoguide\" title=\"la gu\u00eda\" class=\"caption\" align=\"left\" \/><br \/>\nTras el \u00e9xito de su presentaci\u00f3n en el Sal\u00f3n del Senderismo de Par\u00eds el domingo 1 de abril, con un paseo para descubrir los primeros kil\u00f3metros de esta ruta emblem\u00e1tica, la topogu\u00eda tambi\u00e9n ocup\u00f3 un lugar destacado en varios eventos en 2012.<\/p>\n<p><a href=\"https:\/\/www2.lescheminsdumontsaintmichel.com\/?p=224\">Para m\u00e1s informaci\u00f3n sobre estos actos<\/a><\/p>","protected":false},"excerpt":{"rendered":"<p>Du parvis de la cath\u00e9drale Notre-Dame de Paris \u00e0 l\u2019abbaye du Mont Saint Michel, de nombreux p\u00e8lerins, appel\u00e9s les miquelots, ont suivi cet itin\u00e9raire historique au cours des si\u00e8cles. Pour le commander Apr\u00e8s un lancement r\u00e9ussi lors du salon des randonn\u00e9es \u00e0 Paris, le dimanche 1er avril avec une marche pour d\u00e9couvrir les premiers km [&hellip;]<\/p>\n","protected":false},"author":5,"featured_media":0,"comment_status":"closed","ping_status":"open","sticky":false,"template":"","format":"standard","meta":{"_et_pb_use_builder":"","_et_pb_old_content":"","_et_gb_content_width":"","footnotes":""},"categories":[8],"tags":[],"class_list":["post-225","post","type-post","status-publish","format-standard","hentry","category-archives"],"_links":{"self":[{"href":"https:\/\/lescheminsdumontsaintmichel.com\/es\/wp-json\/wp\/v2\/posts\/225","targetHints":{"allow":["GET"]}}],"collection":[{"href":"https:\/\/lescheminsdumontsaintmichel.com\/es\/wp-json\/wp\/v2\/posts"}],"about":[{"href":"https:\/\/lescheminsdumontsaintmichel.com\/es\/wp-json\/wp\/v2\/types\/post"}],"author":[{"embeddable":true,"href":"https:\/\/lescheminsdumontsaintmichel.com\/es\/wp-json\/wp\/v2\/users\/5"}],"replies":[{"embeddable":true,"href":"https:\/\/lescheminsdumontsaintmichel.com\/es\/wp-json\/wp\/v2\/comments?post=225"}],"version-history":[{"count":1,"href":"https:\/\/lescheminsdumontsaintmichel.com\/es\/wp-json\/wp\/v2\/posts\/225\/revisions"}],"predecessor-version":[{"id":1238,"href":"https:\/\/lescheminsdumontsaintmichel.com\/es\/wp-json\/wp\/v2\/posts\/225\/revisions\/1238"}],"wp:attachment":[{"href":"https:\/\/lescheminsdumontsaintmichel.com\/es\/wp-json\/wp\/v2\/media?parent=225"}],"wp:term":[{"taxonomy":"category","embeddable":true,"href":"https:\/\/lescheminsdumontsaintmichel.com\/es\/wp-json\/wp\/v2\/categories?post=225"},{"taxonomy":"post_tag","embeddable":true,"href":"https:\/\/lescheminsdumontsaintmichel.com\/es\/wp-json\/wp\/v2\/tags?post=225"}],"curies":[{"name":"wp","href":"https:\/\/api.w.org\/{rel}","templated":true}]}}