{"id":224,"date":"2012-03-01T10:56:24","date_gmt":"2012-03-01T09:56:24","guid":{"rendered":"https:\/\/www2.lescheminsdumontsaintmichel.com\/?p=224"},"modified":"2024-10-20T10:52:52","modified_gmt":"2024-10-20T08:52:52","slug":"sortie-du-topoguide-chemin-vers-le-mont-saint-michel","status":"publish","type":"post","link":"https:\/\/lescheminsdumontsaintmichel.com\/es\/sortie-du-topoguide-chemin-vers-le-mont-saint-michel\/","title":{"rendered":"Publicaci\u00f3n de la gu\u00eda Chemin vers le Mont-Saint-Michel"},"content":{"rendered":"<p>Desde la explanada de la catedral de Notre-Dame de Par\u00eds hasta la famosa abad\u00eda del Mont-Saint-Michel, descubra esta gran ruta hist\u00f3rica.<\/p>\n<p>Esta gu\u00eda (Rf 220) contiene 160 p\u00e1ginas,<br \/>\n- el GR\u00ae 22 de Par\u00eds a Mont<br \/>\n- y el Chemin de saint Michel de Verneuil-sur-Avre a Domfront, presentado como opci\u00f3n al sendero de la Grande Randonn\u00e9e.<\/p>\n<p><img decoding=\"async\" src=\"IMG\/jpg\/carte.jpg\" alt=\"carte.jpg\" align=\"center\" \/><\/p>\n<p>Se trata de una colaboraci\u00f3n ejemplar entre la asociaci\u00f3n \"Les Chemins de saint Michel\", la F\u00e9d\u00e9ration Fran\u00e7aise de la Randonn\u00e9e y las autoridades locales por las que pasa.<\/p>\n<p><a href=\"http:\/\/www.ffrandonnee.fr\/boutique\/topo-guide.aspx?ref=220&#038;t=gr&#038;v=22\" target=\"_blank\" rel=\"noopener\">Para pedirlo<\/a><\/p>\n<p>Para celebrar la publicaci\u00f3n de esta gu\u00eda, estamos preparando un a\u00f1o de fiestas en los caminos de San Miguel...<\/p>\n<p>... en primavera a lo largo de la ruta en nuestras ciudades de paso, durante la Randobaie del 22 al 24 de junio, luego en septiembre de 2012 una caminata de cinco d\u00edas entre Domfront y Mont-Saint-Michel...<\/p>\n<hr \/>\n<p><a href=\"#avril\">Domingo 1 de abril, Les Randos du salon<\/a><\/p>\n<p><a href=\"#mai\">Mayo-junio, en Argentan<\/a><\/p>\n<p><a href=\"#juin\">Del 22 al 24 de junio, la Randobaie <\/a><\/p>\n<p><a href=\"#sept\">Jornadas del Patrimonio en L'Aigle y Verneuil-sur-Avre <\/a><\/p>\n<p><a href=\"#sept2\">Del 23 al 29 de septiembre, de Domfront a Le Mont <\/a><\/p>\n<h2><strong>Domingo 1 de abril<\/strong> Presentaci\u00f3n oficial en el Salon des Randonn\u00e9es 2012<\/h2>\n<p><a name=\"#avril\"><\/a><\/p>\n<p><img decoding=\"async\" src=\"IMG\/jpg\/recto_flyer.jpg\" alt=\"lancement au salon des Randonn\u00e9es\" title=\"Presentaci\u00f3n en el Sal\u00f3n de Randonn\u00e9es\" class=\"caption\" align=\"left\" \/><\/p>\n<p>En colaboraci\u00f3n con <a href=\"http:\/\/www.ffrandonnee.fr\/\" target=\"_blank\" rel=\"noopener\">FFRandonn\u00e9e<\/a>Un acontecimiento excepcional: el paseo de la exposici\u00f3n por los senderos del Mont-Saint-Michel para descubrir los primeros kil\u00f3metros a lo largo del Sena.<\/p>\n<p><img decoding=\"async\" src=\"IMG\/jpg\/IMG_1241_-_Copie.jpg\" alt=\"IMG_1241_-_Copie.jpg\" align=\"right\" \/><br \/>\nA su llegada al sal\u00f3n, la asociaci\u00f3n les chemins de saint Michel sell\u00f3 en el stand los cuadernillos de Miquelot a los senderistas. <a href=\"http:\/\/www.cheminsdetoiles.com\/\" target=\"_blank\" rel=\"noopener\">Caminos hacia las estrellas<\/a>Este fue su primer paso en el camino hacia el Mont-Saint-Michel.<\/p>\n<hr \/>\n<h2>En primavera, en Argentan<\/h2>\n<p><a name=\"#mai\"><\/a><\/p>\n<p>La ciudad, nueva escala en los caminos de San Miguel, con un pasado rico y glorioso, acogi\u00f3 varios actos con motivo de la publicaci\u00f3n de la topogu\u00eda:<\/p>\n<p><img decoding=\"async\" src=\"IMG\/jpg\/DSC04514_-_Copie.jpg\" alt=\"DSC04514_-_Copie.jpg\" align=\"left\" \/><br \/>\n<strong>del 24 de mayo al 23 de junio, una exposici\u00f3n sobre los Tres Montes dedicada al Arc\u00e1ngel en la Oficina de Turismo<\/strong>.<\/p>\n<p><strong>Los tres grandes lugares dedicados a San Miguel en Europa... Mont-Saint-Michel, la Sacra di San Michele y Monte Sant'Angelo<\/strong><\/p>\n<p><img decoding=\"async\" src=\"IMG\/jpg\/DSC03920_-_Copie.jpg\" alt=\"DSC03920_-_Copie.jpg\" align=\"left\" \/><br \/>\n<strong>El s\u00e1bado 16 de junio, un recorrido cultural por la ciudad<\/strong> tras las huellas de los peregrinos y la firma del acuerdo etapa-ciudad<\/p>\n<p>Las cuentas del H\u00f4tel-Dieu d'Argentan y los archivos han conservado la memoria de los peregrinos de San Miguel, conocidos como los \"Miquelots\" o \"Petits de Saint Michel\".<\/p>\n<hr \/>\n<h2>Del 22 al 24 de junio, Randobaie<\/h2>\n<p><a name=\"#juin\"><\/a><br \/>\n<img decoding=\"async\" src=\"IMG\/jpg\/034_Rando_baie_22_23_juin_2012.jpg\" alt=\"Rando baie 2012\" title=\"Paseo de la Bah\u00eda 2012\" class=\"caption\" align=\"left\" \/><br \/>\nEste a\u00f1o, la <a href=\"http:\/\/www.rando-baie-mont-saint-michel.fr\/\" target=\"_blank\" rel=\"noopener\">5\u00ba Rando baie<\/a> celebr\u00f3 el lanzamiento de la topogu\u00eda con excursiones y paseos narrativos por los escenarios descritos en la topogu\u00eda, y una serie de actos que culminaron con el lanzamiento oficial el s\u00e1bado 23 de junio en presencia de socios y senderistas.<\/p>\n<hr \/>\n<h2>Jornadas del Patrimonio<\/h2>\n<p><a name=\"#sept\"><\/a><br \/>\nParamos en <strong>Verneuil-sur-Avre<\/strong> y <strong>L'Aigle<\/strong>dos importantes ciudades de paso en la ruta.<\/p>\n<p><strong>Exposiciones en el Ayuntamiento de L'Aigle y en el Espace Saint-Laurent de Verneuil-sur-Avre<\/strong><\/p>\n<p>Los tres grandes lugares dedicados a San Miguel en Europa...el Monte Saint-Michel, la Sacra di San Michele y el Monte Sant'Angelo<\/p>\n<p><strong>S\u00e1bado 15 de septiembre, primera parada en L'Aigle<\/strong> en compa\u00f1\u00eda del Alcalde y de los residentes locales.<\/p>\n<p><strong>2\u00aa parada en Verneuil-sur-Avre para la inauguraci\u00f3n de los clavos de bronce y la firma del acuerdo etapa-ciudad<\/strong><br \/>\n<img decoding=\"async\" src=\"IMG\/jpg\/flyer_2-2.jpg\" alt=\"programme \u00e0 t\u00e9l\u00e9charger\" title=\"programa para descargar\" class=\"caption\" align=\"left\" \/><\/p>\n<p>Saliendo de Acon por la ma\u00f1ana, un grupo de senderistas recorri\u00f3 una de las etapas descritas en la gu\u00eda.<\/p>\n<p>La jornada finaliz\u00f3 con una charla de Pauline Maigre presentando el libro que relata la saga de esta familia Miquelote y su burro en 2011.<\/p>\n<p>Descubra su blog en <a href=\"http:\/\/famillemaigre.over-blog.com\/\" target=\"_blank\" rel=\"noopener\">pulse aqu\u00ed<\/a><br \/>\ny las primeras im\u00e1genes de su aventura en <a href=\"http:\/\/www.surlatracedelarchange.com\/\" target=\"_blank\" rel=\"noopener\">pulse aqu\u00ed<\/a><\/p>\n<hr \/>\n<p><a name=\"#sept2\"><\/a> <\/p>\n<h2>Del 23 al 29 de septiembre, paseo final desde Domfront<\/h2>\n<p>Este a\u00f1o, nuestro grupo de miquelots sigui\u00f3 las etapas finales de la larga ruta de Par\u00eds a Mont...<\/p>\n<p>Un total de 26 Miquelots se embarcaron en la aventura, con una decena de senderistas acompa\u00f1\u00e1ndoles cada d\u00eda.<\/p>\n<p>Una semana llena de descubrimientos: magn\u00edficos paisajes, un patrimonio majestuoso, tierras de leyendas y algunos senderos muy hermosos.<\/p>\n<p>Por el camino, dos ciudades nos abrieron sus puertas: Domfront, con la que firmamos un acuerdo de escala, y Mortain, donde nos recibieron tomando una copa amistosamente.<\/p>\n<p>85 Miquelots cruzaron la bah\u00eda el s\u00e1bado 29 de septiembre, d\u00eda de San Miguel. El evento termin\u00f3 bajo un sol radiante tras la bendici\u00f3n del peregrino.<\/p>\n<p>Encontrar\u00e1 nuestro informe sobre la <a href=\"http:\/\/marcheurs.blog.pelerin.info\/autres-chemins\/carnet-de-route-2012-des-pelerins-du-mont-saint-michel\/#more-3985\" target=\"_blank\" rel=\"noopener\">blog de los caminantes<\/a> \u00a1que nos siguieron durante toda la semana!<\/p>\n\n\n<p><\/p>","protected":false},"excerpt":{"rendered":"<p>Du parvis de la cath\u00e9drale Notre-Dame de Paris \u00e0 la c\u00e9l\u00e8bre abbaye du Mont-Saint-Michel, d\u00e9couvrez ce grand chemin historique. Ce topoguide (Rf 220) d\u00e9crit, en 160 pages, &#8211; le GR\u00ae 22 allant de Paris au Mont &#8211; et le Chemin de saint Michel de Verneuil-sur-Avre \u00e0 Domfront, pr\u00e9sent\u00e9 comme une option au chemin de Grande [&hellip;]<\/p>\n","protected":false},"author":5,"featured_media":0,"comment_status":"closed","ping_status":"open","sticky":false,"template":"","format":"standard","meta":{"_et_pb_use_builder":"","_et_pb_old_content":"","_et_gb_content_width":"","footnotes":""},"categories":[8],"tags":[],"class_list":["post-224","post","type-post","status-publish","format-standard","hentry","category-archives"],"_links":{"self":[{"href":"https:\/\/lescheminsdumontsaintmichel.com\/es\/wp-json\/wp\/v2\/posts\/224","targetHints":{"allow":["GET"]}}],"collection":[{"href":"https:\/\/lescheminsdumontsaintmichel.com\/es\/wp-json\/wp\/v2\/posts"}],"about":[{"href":"https:\/\/lescheminsdumontsaintmichel.com\/es\/wp-json\/wp\/v2\/types\/post"}],"author":[{"embeddable":true,"href":"https:\/\/lescheminsdumontsaintmichel.com\/es\/wp-json\/wp\/v2\/users\/5"}],"replies":[{"embeddable":true,"href":"https:\/\/lescheminsdumontsaintmichel.com\/es\/wp-json\/wp\/v2\/comments?post=224"}],"version-history":[{"count":2,"href":"https:\/\/lescheminsdumontsaintmichel.com\/es\/wp-json\/wp\/v2\/posts\/224\/revisions"}],"predecessor-version":[{"id":1849,"href":"https:\/\/lescheminsdumontsaintmichel.com\/es\/wp-json\/wp\/v2\/posts\/224\/revisions\/1849"}],"wp:attachment":[{"href":"https:\/\/lescheminsdumontsaintmichel.com\/es\/wp-json\/wp\/v2\/media?parent=224"}],"wp:term":[{"taxonomy":"category","embeddable":true,"href":"https:\/\/lescheminsdumontsaintmichel.com\/es\/wp-json\/wp\/v2\/categories?post=224"},{"taxonomy":"post_tag","embeddable":true,"href":"https:\/\/lescheminsdumontsaintmichel.com\/es\/wp-json\/wp\/v2\/tags?post=224"}],"curies":[{"name":"wp","href":"https:\/\/api.w.org\/{rel}","templated":true}]}}