{"id":220,"date":"2011-07-09T10:58:45","date_gmt":"2011-07-09T08:58:45","guid":{"rendered":"https:\/\/www2.lescheminsdumontsaintmichel.com\/?p=220"},"modified":"2024-10-20T10:38:22","modified_gmt":"2024-10-20T08:38:22","slug":"nos-premiers-pas-en-italie","status":"publish","type":"post","link":"https:\/\/lescheminsdumontsaintmichel.com\/es\/nos-premiers-pas-en-italie\/","title":{"rendered":"Nuestros primeros pasos en Italia"},"content":{"rendered":"<p>El 21 de mayo de 2011, junto con los Amici della Sacra di San Michele, inauguramos la primera etapa del Cammino di San Michele a los pies de la Sacra. Fue un momento de gran emoci\u00f3n y puesta en com\u00fan, ya que Marie-Paul Lab\u00e9y, Presidenta de los Chemins de saint Michel, y Teresa Ponzetto, Presidenta de los Amici, firmaron la carta para la puesta en red de los Chemins de saint Michel, convirtiendo a los Amici en nuestra asociaci\u00f3n de referencia en Piamonte.<br \/>\n<img decoding=\"async\" src=\"IMG\/jpg\/luna_nuova_240511_pag_13.jpg\" alt=\"luna_nuova_240511_pag_13.jpg\" align=\"left\" \/><\/p>\n<p><a href=\"https:\/\/www2.lescheminsdumontsaintmichel.com\/cammini-di-san-michele-italie\/\">Descubra esta aventura en nuestra secci\u00f3n dedicada al Cammino di San Michele<\/a><\/p>\n<p><a href=\"https:\/\/www2.lescheminsdumontsaintmichel.com\/les-chemins-d-italie\/\">Descubra nuestros consejos para los senderistas que deseen embarcarse en esta aventura<\/a><\/p>","protected":false},"excerpt":{"rendered":"<p>Le 21 mai 2011, nous avons inaugur\u00e9 avec les Amici della Sacra di San Michele, la premi\u00e8re \u00e9tape du Cammino di San Michele au pied de la Sacra. Un moment riche de partage et d&rsquo;\u00e9motion puisque Marie-Paul Lab\u00e9y, pr\u00e9sidente des Chemins de saint Michel et T\u00e9r\u00e9sa Ponzetto, pr\u00e9sidente des Amici, ont sign\u00e9 la charte de [&hellip;]<\/p>\n","protected":false},"author":5,"featured_media":0,"comment_status":"closed","ping_status":"open","sticky":false,"template":"","format":"standard","meta":{"_et_pb_use_builder":"","_et_pb_old_content":"","_et_gb_content_width":"","footnotes":""},"categories":[8],"tags":[],"class_list":["post-220","post","type-post","status-publish","format-standard","hentry","category-archives"],"_links":{"self":[{"href":"https:\/\/lescheminsdumontsaintmichel.com\/es\/wp-json\/wp\/v2\/posts\/220","targetHints":{"allow":["GET"]}}],"collection":[{"href":"https:\/\/lescheminsdumontsaintmichel.com\/es\/wp-json\/wp\/v2\/posts"}],"about":[{"href":"https:\/\/lescheminsdumontsaintmichel.com\/es\/wp-json\/wp\/v2\/types\/post"}],"author":[{"embeddable":true,"href":"https:\/\/lescheminsdumontsaintmichel.com\/es\/wp-json\/wp\/v2\/users\/5"}],"replies":[{"embeddable":true,"href":"https:\/\/lescheminsdumontsaintmichel.com\/es\/wp-json\/wp\/v2\/comments?post=220"}],"version-history":[{"count":1,"href":"https:\/\/lescheminsdumontsaintmichel.com\/es\/wp-json\/wp\/v2\/posts\/220\/revisions"}],"predecessor-version":[{"id":1240,"href":"https:\/\/lescheminsdumontsaintmichel.com\/es\/wp-json\/wp\/v2\/posts\/220\/revisions\/1240"}],"wp:attachment":[{"href":"https:\/\/lescheminsdumontsaintmichel.com\/es\/wp-json\/wp\/v2\/media?parent=220"}],"wp:term":[{"taxonomy":"category","embeddable":true,"href":"https:\/\/lescheminsdumontsaintmichel.com\/es\/wp-json\/wp\/v2\/categories?post=220"},{"taxonomy":"post_tag","embeddable":true,"href":"https:\/\/lescheminsdumontsaintmichel.com\/es\/wp-json\/wp\/v2\/tags?post=220"}],"curies":[{"name":"wp","href":"https:\/\/api.w.org\/{rel}","templated":true}]}}