{"id":467,"date":"2023-02-22T09:35:24","date_gmt":"2023-02-22T08:35:24","guid":{"rendered":"https:\/\/www2.lescheminsdumontsaintmichel.com\/11-mars-2-avril-marche-solidaire-pour-lautisme-sur-la-voie-des-plantagenets\/"},"modified":"2024-10-18T22:35:19","modified_gmt":"2024-10-18T20:35:19","slug":"11-mars-2-avril-marche-solidaire-pour-lautisme-sur-la-voie-des-plantagenets","status":"publish","type":"post","link":"https:\/\/lescheminsdumontsaintmichel.com\/en\/11-mars-2-avril-marche-solidaire-pour-lautisme-sur-la-voie-des-plantagenets\/","title":{"rendered":"March 11-April 2, walk in support of autism on the Plantagen\u00eats Way"},"content":{"rendered":"<p><img decoding=\"async\" src=\"IMG\/jpg\/logo_guerinet_autisme.jpg\" alt=\"logo_guerinet_autisme.jpg\" align=\"left\" \/><br \/>\nFrom 11 March to 2 April, Thierry Guerinet and his infectious enthusiasm will be walking in support of autism, from Charente-Maritime to Le Mont via the Voie des Plantagen\u00eats. You can join him on the way; the precise programme is on the <a href=\"https:\/\/www.encheminpourlautisme.org\/parcours-marche-solidaire-autisme-charente-maritime-normandie\/\" target=\"_blank\" rel=\"noopener\">dedicated website<\/a><\/p>\n<p>The aim is to inform the general public and raise awareness of the cause of autism, while at the same time raising the funds needed to set up specialised support for children, teenagers and adults with Autism Spectrum Disorders (ASD) who are cared for by partner associations in the Autistes Sans Fronti\u00e8res network.<\/p>","protected":false},"excerpt":{"rendered":"<p>Du 11 mars au 2 avril, marche solidaire pour l&rsquo;autisme, de la Charente-Maritime au Mont par la Voie des Plantagen\u00eats, avec Thierry Guerinet et son enthousiasme communicatif. On peut le rejoindre en chemin, le programme pr\u00e9cis est sur le site d\u00e9di\u00e9 L&rsquo;objectif est d&rsquo;informer et de sensibiliser le grand public \u00e0 la cause de l\u2019autisme [&hellip;]<\/p>\n","protected":false},"author":5,"featured_media":0,"comment_status":"closed","ping_status":"open","sticky":false,"template":"","format":"standard","meta":{"_et_pb_use_builder":"","_et_pb_old_content":"","_et_gb_content_width":"","footnotes":""},"categories":[9,11],"tags":[],"class_list":["post-467","post","type-post","status-publish","format-standard","hentry","category-actualite","category-agenda"],"_links":{"self":[{"href":"https:\/\/lescheminsdumontsaintmichel.com\/en\/wp-json\/wp\/v2\/posts\/467","targetHints":{"allow":["GET"]}}],"collection":[{"href":"https:\/\/lescheminsdumontsaintmichel.com\/en\/wp-json\/wp\/v2\/posts"}],"about":[{"href":"https:\/\/lescheminsdumontsaintmichel.com\/en\/wp-json\/wp\/v2\/types\/post"}],"author":[{"embeddable":true,"href":"https:\/\/lescheminsdumontsaintmichel.com\/en\/wp-json\/wp\/v2\/users\/5"}],"replies":[{"embeddable":true,"href":"https:\/\/lescheminsdumontsaintmichel.com\/en\/wp-json\/wp\/v2\/comments?post=467"}],"version-history":[{"count":1,"href":"https:\/\/lescheminsdumontsaintmichel.com\/en\/wp-json\/wp\/v2\/posts\/467\/revisions"}],"predecessor-version":[{"id":1272,"href":"https:\/\/lescheminsdumontsaintmichel.com\/en\/wp-json\/wp\/v2\/posts\/467\/revisions\/1272"}],"wp:attachment":[{"href":"https:\/\/lescheminsdumontsaintmichel.com\/en\/wp-json\/wp\/v2\/media?parent=467"}],"wp:term":[{"taxonomy":"category","embeddable":true,"href":"https:\/\/lescheminsdumontsaintmichel.com\/en\/wp-json\/wp\/v2\/categories?post=467"},{"taxonomy":"post_tag","embeddable":true,"href":"https:\/\/lescheminsdumontsaintmichel.com\/en\/wp-json\/wp\/v2\/tags?post=467"}],"curies":[{"name":"wp","href":"https:\/\/api.w.org\/{rel}","templated":true}]}}