{"id":2939,"date":"2026-08-13T15:36:33","date_gmt":"2026-08-13T13:36:33","guid":{"rendered":"https:\/\/lescheminsdumontsaintmichel.com\/?p=2939"},"modified":"2026-08-13T15:36:33","modified_gmt":"2026-08-13T13:36:33","slug":"20-29-septembre-marche-de-maillezais-vendee-au-mont-sur-le-chemin-de-latlantique","status":"publish","type":"post","link":"https:\/\/lescheminsdumontsaintmichel.com\/en\/20-29-septembre-marche-de-maillezais-vendee-au-mont-sur-le-chemin-de-latlantique\/","title":{"rendered":"20\u201329 September: walk from Maillezais (Vend\u00e9e) to Le Mont along the \u00abChemin de l\u2019Atlantique\u00bb"},"content":{"rendered":"<p>[et_pb_section fb_built=\u00a0\u00bb1&Prime; _builder_version=\u00a0\u00bb4.16&Prime; global_colors_info=\u00a0\u00bb{}\u00a0\u00bb][et_pb_row _builder_version=\u00a0\u00bb4.16&Prime; background_size=\u00a0\u00bbinitial\u00a0\u00bb background_position=\u00a0\u00bbtop_left\u00a0\u00bb background_repeat=\u00a0\u00bbrepeat\u00a0\u00bb global_colors_info=\u00a0\u00bb{}\u00a0\u00bb][et_pb_column type=\u00a0\u00bb4_4&Prime; _builder_version=\u00a0\u00bb4.16&Prime; custom_padding=\u00a0\u00bb|||\u00a0\u00bb global_colors_info=\u00a0\u00bb{}\u00a0\u00bb custom_padding__hover=\u00a0\u00bb|||\u00a0\u00bb][et_pb_text _builder_version=\u00a0\u00bb4.27.7&Prime; background_size=\u00a0\u00bbinitial\u00a0\u00bb background_position=\u00a0\u00bbtop_left\u00a0\u00bb background_repeat=\u00a0\u00bbrepeat\u00a0\u00bb hover_enabled=\u00a0\u00bb0&Prime; global_colors_info=\u00a0\u00bb{}\u00a0\u00bb sticky_enabled=\u00a0\u00bb0&Prime;]<!-- divi:paragraph --><\/p>\n<p>Du 20 au 29 septembre, venez rejoindre les miquelots sur le \u00ab\u00a0Chemin de l&rsquo;Atlantique\u00a0\u00bb, du sud de la Vend\u00e9e au Mont-Saint-Michel et devenez vous-m\u00eame \u00ab\u00a0miquelots\u00a0\u00bb.<br \/>La marche culturelle de septembre partira de l&rsquo;abbaye de Maillezais (Vend\u00e9e), pour gagner Clisson, Nantes, Rennes et de nombreux nouveaux territoires et monuments m\u00e9connus.<br \/>Ce Chemin de l&rsquo;Atlantique balis\u00e9 depuis Bordeaux \u00e0 travers la Gironde, la Charente-Maritime, la Vend\u00e9e et la Haute-Bretagne correspond au Chemin de Saint-Jacques balis\u00e9 vers le Mont par les association locales compostellanes. Cette marche est l&rsquo;occasion de rappeler l&rsquo;insertion des Chemins du Mont \u00e0 l&rsquo;\u00e9chelle nationale et leur ouverture \u00e0 de nouveaux domaines, dans l&rsquo;esprit de l&rsquo;inscription du Mont \u00e0 l&rsquo;Unesco au titre des Chemins de Compostelle en France.<br \/>La participation peut se faire pour une ou plusieurs journ\u00e9es, un autocar ramenant chaque soir les participants au point de d\u00e9part o\u00f9 ils retrouvent leur v\u00e9hicule pour gagner un h\u00e9bergement<\/p>\n<p><!-- \/divi:paragraph --><br \/>\n<!-- \/divi:paragraph --><a href=\"https:\/\/lescheminsdumontsaintmichel.com\/wp-content\/uploads\/2026\/08\/Flyer-Marche-Ch-Atlantique-Journee.-Avec-ses-2-pages-.pdf\" rel=\"attachment wp-att-2944\">Flyer Marche de Maillezais au Mont (20-29 septembre)<\/a><\/p>\n<p><a href=\"https:\/\/lescheminsdumontsaintmichel.com\/wp-content\/uploads\/2026\/08\/Quelques-hebergements-de-Maillezais-au-Mont.pdf\" rel=\"attachment wp-att-2945\">Quelques h\u00e9bergements de Maillezais au Mont<\/a><\/p>\n<p>cl. Maillezais : Jochen Jahnke Wikipedia Commons 3.0<br \/>\n<!-- divi:paragraph --><br \/>\n[\/et_pb_text][\/et_pb_column][\/et_pb_row][\/et_pb_section]<\/p>\n","protected":false},"excerpt":{"rendered":"<p>From 20 to 29 September, come and join the \u00abmiquelots\u00bb on the \u00abChemin de l\u2019Atlantique\u00bb, from the south of the Vend\u00e9e to Mont-Saint-Michel, and become a \u2018miquelot\u2019 yourself.The September cultural walk will set off from Maillezais Abbey (Vend\u00e9e), heading for Clisson, Nantes, Rennes and many new areas and little-known monuments.This \u2018Chemin de l\u2019Atlantique\u2019, signposted from Bordeaux through the Gironde, Charente-Maritime, the Vend\u00e9e and Upper Brittany, corresponds to the Way of St James signposted towards Mont-Saint-Michel by local associations dedicated to the pilgrimage to Santiago de Compostela. This walk provides an opportunity to highlight the integration of the \u2018Chemins du Mont\u2019 into the national landscape and their expansion into new areas, in keeping with the spirit of Le Mont\u2019s inscription on the UNESCO list as part of the \u2018Chemins de Compostelle\u2019 in France.Participants may join for one or more days; a coach will return participants to the starting point each evening, where they can collect their vehicles and make their way to their accommodation. Flyer: Maillezais to Le Mont Walk (20\u201329 September) Some accommodation options from Maillezais to Le Mont. Photo: Maillezais: Jochen Jahnke, Wikipedia Commons 3.0<\/p>","protected":false},"author":5,"featured_media":2940,"comment_status":"open","ping_status":"open","sticky":false,"template":"","format":"standard","meta":{"_et_pb_use_builder":"on","_et_pb_old_content":"<!-- wp:paragraph -->\n<p>Du 20 au 29 septembre, venez rejoindre les miquelots sur le \"Chemin de l'Atlantique\", du sud de la Vend\u00e9e au Mont et devenez vous-m\u00eame miquelots.<br>La marche culturelle de septembre partira de l'abbaye de Maillezais (Vend\u00e9e), pour gagner Clisson, Nantes, Rennes et de nombreux nouveaux territoires et monuments m\u00e9connus.<br>Ce Chemin de l'Atlantique balis\u00e9 depuis Bordeaux \u00e0 travers la Gironde, la Charente-Maritime, la Vend\u00e9e et la Haute-Bretagne correspond au Chemin de Saint-Jacques balis\u00e9 vers le Mont par les association locales compostellanes. Cette marche est l'occasion de rappeler l'insertion des Chemins du Mont \u00e0 l'\u00e9chelle nationale et leur ouverture \u00e0 de nouveaux domaines, dans l'esprit de l'inscription du Mont \u00e0 l'Unesco au titre des Chemins de Compostelle en France.<br>La participation peut se faire pour une ou plusieurs journ\u00e9es, un autocar ramenant chaque soir les participants au point de d\u00e9part o\u00f9 ils retrouvent leur v\u00e9hicule pour gagner un h\u00e9bergement<\/p>\n<!-- \/wp:paragraph -->\n\n<!-- wp:paragraph -->\n<p><\/p>\n<!-- \/wp:paragraph -->","_et_gb_content_width":"","footnotes":""},"categories":[9,11],"tags":[],"class_list":["post-2939","post","type-post","status-publish","format-standard","has-post-thumbnail","hentry","category-actualite","category-agenda"],"_links":{"self":[{"href":"https:\/\/lescheminsdumontsaintmichel.com\/en\/wp-json\/wp\/v2\/posts\/2939","targetHints":{"allow":["GET"]}}],"collection":[{"href":"https:\/\/lescheminsdumontsaintmichel.com\/en\/wp-json\/wp\/v2\/posts"}],"about":[{"href":"https:\/\/lescheminsdumontsaintmichel.com\/en\/wp-json\/wp\/v2\/types\/post"}],"author":[{"embeddable":true,"href":"https:\/\/lescheminsdumontsaintmichel.com\/en\/wp-json\/wp\/v2\/users\/5"}],"replies":[{"embeddable":true,"href":"https:\/\/lescheminsdumontsaintmichel.com\/en\/wp-json\/wp\/v2\/comments?post=2939"}],"version-history":[{"count":2,"href":"https:\/\/lescheminsdumontsaintmichel.com\/en\/wp-json\/wp\/v2\/posts\/2939\/revisions"}],"predecessor-version":[{"id":2946,"href":"https:\/\/lescheminsdumontsaintmichel.com\/en\/wp-json\/wp\/v2\/posts\/2939\/revisions\/2946"}],"wp:featuredmedia":[{"embeddable":true,"href":"https:\/\/lescheminsdumontsaintmichel.com\/en\/wp-json\/wp\/v2\/media\/2940"}],"wp:attachment":[{"href":"https:\/\/lescheminsdumontsaintmichel.com\/en\/wp-json\/wp\/v2\/media?parent=2939"}],"wp:term":[{"taxonomy":"category","embeddable":true,"href":"https:\/\/lescheminsdumontsaintmichel.com\/en\/wp-json\/wp\/v2\/categories?post=2939"},{"taxonomy":"post_tag","embeddable":true,"href":"https:\/\/lescheminsdumontsaintmichel.com\/en\/wp-json\/wp\/v2\/tags?post=2939"}],"curies":[{"name":"wp","href":"https:\/\/api.w.org\/{rel}","templated":true}]}}