{"id":2466,"date":"2025-10-02T15:03:40","date_gmt":"2025-10-02T13:03:40","guid":{"rendered":"https:\/\/lescheminsdumontsaintmichel.com\/?p=2466"},"modified":"2025-10-02T15:09:37","modified_gmt":"2025-10-02T13:09:37","slug":"18-19-octobre-avranches-les-songes-dune-merveille-randonnee-et-conferences-sur-les-pas-de-saint-aubert","status":"publish","type":"post","link":"https:\/\/lescheminsdumontsaintmichel.com\/en\/18-19-octobre-avranches-les-songes-dune-merveille-randonnee-et-conferences-sur-les-pas-de-saint-aubert\/","title":{"rendered":"18-19 October, Avranches, Les songes d'une merveille, walk and talks in the footsteps of Saint Aubert"},"content":{"rendered":"<p>[et_pb_section fb_built=\u00a0\u00bb1&Prime; _builder_version=\u00a0\u00bb4.27.4&Prime; global_colors_info=\u00a0\u00bb{}\u00a0\u00bb][et_pb_row _builder_version=\u00a0\u00bb4.16&Prime; background_size=\u00a0\u00bbinitial\u00a0\u00bb background_position=\u00a0\u00bbtop_left\u00a0\u00bb background_repeat=\u00a0\u00bbrepeat\u00a0\u00bb global_colors_info=\u00a0\u00bb{}\u00a0\u00bb][et_pb_column type=\u00a0\u00bb4_4&Prime; _builder_version=\u00a0\u00bb4.16&Prime; custom_padding=\u00a0\u00bb|||\u00a0\u00bb global_colors_info=\u00a0\u00bb{}\u00a0\u00bb custom_padding__hover=\u00a0\u00bb|||\u00a0\u00bb][et_pb_text _builder_version=\u00a0\u00bb4.27.4&Prime; background_size=\u00a0\u00bbinitial\u00a0\u00bb background_position=\u00a0\u00bbtop_left\u00a0\u00bb background_repeat=\u00a0\u00bbrepeat\u00a0\u00bb hover_enabled=\u00a0\u00bb0&Prime; global_colors_info=\u00a0\u00bb{}\u00a0\u00bb sticky_enabled=\u00a0\u00bb0&Prime;]<\/p>\n<p><!-- divi:paragraph -->Journ\u00e9es Saint-Aubert, avec le samedi 18, la marche culturelle du Mont \u00e0 Saint-Gervais d&rsquo;Avranches (sur inscription) et le lendemain, dimanche 19, deux conf\u00e9rences publiques et gratuites \u00e0 l&rsquo;H\u00f4tel de ville d&rsquo;Avranches : sur \u00ab\u00a0Le village du Mont-Saint-Michel face \u00e0 l\u2019essor du tourisme et des p\u00e8lerinages (1863-1940)\u00a0\u00bb par H\u00e9lo\u00efse Gibault, charg\u00e9 d\u2019\u00e9tudes inventaire du patrimoine b\u00e2ti, et sur Saint Michel dans le vitrail (Saint-Michel et ses repr\u00e9sentations dans le vitrail : un monde en transparence\u00a0\u00bb,\u00a0 par Louise Dereux, vitrailliste et guide-conf\u00e9renci\u00e8re)<!-- \/divi:paragraph --><\/p>\n<p>Organis\u00e9 avec la communaut\u00e9 d&rsquo;agglom\u00e9ration du Mont-Saint-Michel<\/p>\n<p><a href=\"https:\/\/lescheminsdumontsaintmichel.com\/wp-content\/uploads\/2025\/10\/flyer-LesSongesduneMerveille_2025-1.pdf\" rel=\"attachment wp-att-2477\">je t\u00e9l\u00e9charge le flyer Les Songes d&rsquo;une Merveille 2025<\/a><\/p>\n<p>[\/et_pb_text][\/et_pb_column][\/et_pb_row][\/et_pb_section]<\/p>\n","protected":false},"excerpt":{"rendered":"<p>Saint-Aubert Days, featuring, on Saturday 18th, the cultural walk from Le Mont to Saint-Gervais d\u2019Avranches (registration required) and, the following day, Sunday 19th, two free public lectures at Avranches Town Hall: \u00abThe village of Mont-Saint-Michel in the face of the boom in tourism and pilgrimages (1863\u20131940)\u00bb\u00a0\u00bb by H\u00e9lo\u00efse Gibault, research officer specialising in built heritage surveys, and on Saint Michel in stained glass (\u2018Saint Michel and his depictions in stained glass: a world of transparency\u2019, by Louise Dereux, stained-glass artist and tour guide) Organised in partnership with the Mont-Saint-Michel Urban Community. Download the \u2018Les Songes d\u2019une Merveille 2025\u2019 flyer<\/p>","protected":false},"author":5,"featured_media":2474,"comment_status":"open","ping_status":"open","sticky":false,"template":"","format":"standard","meta":{"_et_pb_use_builder":"on","_et_pb_old_content":"<!-- wp:paragraph -->Journ\u00e9es Saint-Aubert, avec le samedi 18, la marche culturelle du Mont \u00e0 Saint-Gervais d'Avranches (sur inscription) et le lendemain, dimanche 19, deux conf\u00e9rences publiques et gratuites \u00e0 l'H\u00f4tel de ville d'Avranches : sur l'\u00e9tude du b\u00e2ti village du Mont et sur Saint Michel dans le vitrail<!-- \/wp:paragraph -->","_et_gb_content_width":"","footnotes":""},"categories":[9,11],"tags":[],"class_list":["post-2466","post","type-post","status-publish","format-standard","has-post-thumbnail","hentry","category-actualite","category-agenda"],"_links":{"self":[{"href":"https:\/\/lescheminsdumontsaintmichel.com\/en\/wp-json\/wp\/v2\/posts\/2466","targetHints":{"allow":["GET"]}}],"collection":[{"href":"https:\/\/lescheminsdumontsaintmichel.com\/en\/wp-json\/wp\/v2\/posts"}],"about":[{"href":"https:\/\/lescheminsdumontsaintmichel.com\/en\/wp-json\/wp\/v2\/types\/post"}],"author":[{"embeddable":true,"href":"https:\/\/lescheminsdumontsaintmichel.com\/en\/wp-json\/wp\/v2\/users\/5"}],"replies":[{"embeddable":true,"href":"https:\/\/lescheminsdumontsaintmichel.com\/en\/wp-json\/wp\/v2\/comments?post=2466"}],"version-history":[{"count":5,"href":"https:\/\/lescheminsdumontsaintmichel.com\/en\/wp-json\/wp\/v2\/posts\/2466\/revisions"}],"predecessor-version":[{"id":2478,"href":"https:\/\/lescheminsdumontsaintmichel.com\/en\/wp-json\/wp\/v2\/posts\/2466\/revisions\/2478"}],"wp:featuredmedia":[{"embeddable":true,"href":"https:\/\/lescheminsdumontsaintmichel.com\/en\/wp-json\/wp\/v2\/media\/2474"}],"wp:attachment":[{"href":"https:\/\/lescheminsdumontsaintmichel.com\/en\/wp-json\/wp\/v2\/media?parent=2466"}],"wp:term":[{"taxonomy":"category","embeddable":true,"href":"https:\/\/lescheminsdumontsaintmichel.com\/en\/wp-json\/wp\/v2\/categories?post=2466"},{"taxonomy":"post_tag","embeddable":true,"href":"https:\/\/lescheminsdumontsaintmichel.com\/en\/wp-json\/wp\/v2\/tags?post=2466"}],"curies":[{"name":"wp","href":"https:\/\/api.w.org\/{rel}","templated":true}]}}