{"id":230,"date":"2012-09-01T10:56:24","date_gmt":"2012-09-01T08:56:24","guid":{"rendered":"https:\/\/www2.lescheminsdumontsaintmichel.com\/?p=230"},"modified":"2024-10-20T10:49:49","modified_gmt":"2024-10-20T08:49:49","slug":"conference-historique-de-pierre-bouet","status":"publish","type":"post","link":"https:\/\/lescheminsdumontsaintmichel.com\/en\/conference-historique-de-pierre-bouet\/","title":{"rendered":"Historical lecture by Pierre Bouet"},"content":{"rendered":"<p>On Saturday 10 November in Villedieu-les-Po\u00eales, we're offering you the chance to draw up <strong>a review of the research carried out over the last 15 years on the cult of and pilgrimages to Saint Michael in Europe<\/strong>.<\/p>\n<p>This new research was devoted to the cult of Saint Michael in Europe and the three Monts dedicated to him: Mont Gargan in southern Italy, Mont Saint-Michel in Normandy and San Michele della Chiusa in Piedmont. As part of European programmes, numerous French and foreign researchers have organised a number of international colloquia, including those held at Cerisy, Ardevon and Mont Saint-Michel.<\/p>\n<p><strong>Pierre Bouet<\/strong>Honorary President of the Office universitaire d'\u00e9tudes normandes at the University of Caen and member of the scientific committee of the Les Chemins de saint Michel association, has been actively involved in this research for over ten years now.<\/p>\n<p><center><strong>\"New perspectives on the cult of Saint Michael in Europe (6th-20th centuries). Assessment of research carried out over the last fifteen years\",<\/p>\n<p>Saturday 10 November 2012 at 3.30pm<\/p>\n<p>at the Cin\u00e9ma Rex in Villedieu-les-Po\u00eales,<\/p>\n<p>communaut\u00e9 de communes stage on the paths of Saint Michel,<\/p>\n<p>(free admission).<\/strong><\/p>\n<p>In partnership with the Soci\u00e9t\u00e9 arch\u00e9ologique d'Avranches, Mortain et Granville, the Friends of Mont-Saint-Michel and Chemins de saint Michel.<\/center><\/p>\n<p>At the same time, the association will be promoting the sale of volumes from the various symposia whose research will be discussed at this public conference. <\/p>","protected":false},"excerpt":{"rendered":"<p>Le samedi 10 novembre \u00e0 Villedieu-les-Po\u00eales, nous vous proposons de dresser un bilan des recherches effectu\u00e9es depuis 15 ans sur le culte et les p\u00e8lerinages \u00e0 saint Michel en Europe. Ces nouvelles recherches ont \u00e9t\u00e9 consacr\u00e9es au culte de saint Michel en Europe et aux trois Monts qui lui sont d\u00e9di\u00e9s : le Mont Gargan [&hellip;]<\/p>\n","protected":false},"author":5,"featured_media":0,"comment_status":"closed","ping_status":"open","sticky":false,"template":"","format":"standard","meta":{"_et_pb_use_builder":"","_et_pb_old_content":"","_et_gb_content_width":"","footnotes":""},"categories":[8],"tags":[],"class_list":["post-230","post","type-post","status-publish","format-standard","hentry","category-archives"],"_links":{"self":[{"href":"https:\/\/lescheminsdumontsaintmichel.com\/en\/wp-json\/wp\/v2\/posts\/230","targetHints":{"allow":["GET"]}}],"collection":[{"href":"https:\/\/lescheminsdumontsaintmichel.com\/en\/wp-json\/wp\/v2\/posts"}],"about":[{"href":"https:\/\/lescheminsdumontsaintmichel.com\/en\/wp-json\/wp\/v2\/types\/post"}],"author":[{"embeddable":true,"href":"https:\/\/lescheminsdumontsaintmichel.com\/en\/wp-json\/wp\/v2\/users\/5"}],"replies":[{"embeddable":true,"href":"https:\/\/lescheminsdumontsaintmichel.com\/en\/wp-json\/wp\/v2\/comments?post=230"}],"version-history":[{"count":1,"href":"https:\/\/lescheminsdumontsaintmichel.com\/en\/wp-json\/wp\/v2\/posts\/230\/revisions"}],"predecessor-version":[{"id":1513,"href":"https:\/\/lescheminsdumontsaintmichel.com\/en\/wp-json\/wp\/v2\/posts\/230\/revisions\/1513"}],"wp:attachment":[{"href":"https:\/\/lescheminsdumontsaintmichel.com\/en\/wp-json\/wp\/v2\/media?parent=230"}],"wp:term":[{"taxonomy":"category","embeddable":true,"href":"https:\/\/lescheminsdumontsaintmichel.com\/en\/wp-json\/wp\/v2\/categories?post=230"},{"taxonomy":"post_tag","embeddable":true,"href":"https:\/\/lescheminsdumontsaintmichel.com\/en\/wp-json\/wp\/v2\/tags?post=230"}],"curies":[{"name":"wp","href":"https:\/\/api.w.org\/{rel}","templated":true}]}}