{"id":224,"date":"2012-03-01T10:56:24","date_gmt":"2012-03-01T09:56:24","guid":{"rendered":"https:\/\/www2.lescheminsdumontsaintmichel.com\/?p=224"},"modified":"2024-10-20T10:52:52","modified_gmt":"2024-10-20T08:52:52","slug":"sortie-du-topoguide-chemin-vers-le-mont-saint-michel","status":"publish","type":"post","link":"https:\/\/lescheminsdumontsaintmichel.com\/en\/sortie-du-topoguide-chemin-vers-le-mont-saint-michel\/","title":{"rendered":"Release of the guidebook Chemin vers le Mont-Saint-Michel"},"content":{"rendered":"<p>From the forecourt of Notre-Dame Cathedral in Paris to the famous abbey of Mont-Saint-Michel, discover this great historic route.<\/p>\n<p>This guidebook (Rf 220) contains 160 pages,<br \/>\n- the GR\u00ae 22 from Paris to Mont<br \/>\n- and the Chemin de saint Michel from Verneuil-sur-Avre to Domfront, presented as an option to the Grande Randonn\u00e9e trail.<\/p>\n<p><img decoding=\"async\" src=\"IMG\/jpg\/carte.jpg\" alt=\"carte.jpg\" align=\"center\" \/><\/p>\n<p>This is an exemplary collaboration between the association \"Les Chemins de saint Michel\", the F\u00e9d\u00e9ration Fran\u00e7aise de la Randonn\u00e9e and the local authorities through which it passes.<\/p>\n<p><a href=\"http:\/\/www.ffrandonnee.fr\/boutique\/topo-guide.aspx?ref=220&#038;t=gr&#038;v=22\" target=\"_blank\" rel=\"noopener\">To order it<\/a><\/p>\n<p>To celebrate the publication of this guidebook, we are preparing a year of festivities on the paths of Saint Michael...<\/p>\n<p>... in spring along the route in our stopover towns, during the Randobaie from 22 to 24 June, then in September 2012 a five-day walk between Domfront and Mont-Saint-Michel...<\/p>\n<hr \/>\n<p><a href=\"#avril\">Sunday 1 April, Les Randos du salon<\/a><\/p>\n<p><a href=\"#mai\">May-June, in Argentan<\/a><\/p>\n<p><a href=\"#juin\">From 22 to 24 June, the Randobaie <\/a><\/p>\n<p><a href=\"#sept\">Heritage Days at L'Aigle and Verneuil-sur-Avre <\/a><\/p>\n<p><a href=\"#sept2\">From 23 to 29 September, from Domfront to Le Mont <\/a><\/p>\n<h2><strong>Sunday 1st April<\/strong> Official launch at the Salon des Randonn\u00e9es 2012<\/h2>\n<p><a name=\"#avril\"><\/a><\/p>\n<p><img decoding=\"async\" src=\"IMG\/jpg\/recto_flyer.jpg\" alt=\"lancement au salon des Randonn\u00e9es\" title=\"launch at the Salon des Randonn\u00e9es\" class=\"caption\" align=\"left\" \/><\/p>\n<p>In partnership with <a href=\"http:\/\/www.ffrandonnee.fr\/\" target=\"_blank\" rel=\"noopener\">FFRandonn\u00e9e<\/a>An exceptional event: the exhibition walk on the Mont-Saint-Michel paths to discover the first few kilometres along the Seine.<\/p>\n<p><img decoding=\"async\" src=\"IMG\/jpg\/IMG_1241_-_Copie.jpg\" alt=\"IMG_1241_-_Copie.jpg\" align=\"right\" \/><br \/>\nOn arrival at the show, walkers had their Miquelot booklets stamped by the association les chemins de saint Michel on the stand. <a href=\"http:\/\/www.cheminsdetoiles.com\/\" target=\"_blank\" rel=\"noopener\">Paths to the stars<\/a>This was their first step on the road to Mont-Saint-Michel.<\/p>\n<hr \/>\n<h2>In spring, in Argentan<\/h2>\n<p><a name=\"#mai\"><\/a><\/p>\n<p>A new stopover town on the paths of Saint Michael, with a rich and glorious past, the town hosted a number of events to mark the release of the topoguide:<\/p>\n<p><img decoding=\"async\" src=\"IMG\/jpg\/DSC04514_-_Copie.jpg\" alt=\"DSC04514_-_Copie.jpg\" align=\"left\" \/><br \/>\n<strong>from 24 May to 23 June, an exhibition on the Three Mounts dedicated to the Archangel at the Tourist Office<\/strong>.<\/p>\n<p><strong>The three great sites dedicated to Saint Michael in Europe... Mont-Saint-Michel, the Sacra di San Michele and Monte Sant'Angelo<\/strong><\/p>\n<p><img decoding=\"async\" src=\"IMG\/jpg\/DSC03920_-_Copie.jpg\" alt=\"DSC03920_-_Copie.jpg\" align=\"left\" \/><br \/>\n<strong>On Saturday 16 June, a cultural tour of the city<\/strong> in the footsteps of pilgrims and the signing of the stage-town agreement<\/p>\n<p>The accounts of the H\u00f4tel-Dieu d'Argentan and the archives have preserved the memory of the pilgrims of Saint Michael, known as the \"Miquelots\" or \"Petits de Saint Michel\".<\/p>\n<hr \/>\n<h2>From 22 to 24 June the Randobaie<\/h2>\n<p><a name=\"#juin\"><\/a><br \/>\n<img decoding=\"async\" src=\"IMG\/jpg\/034_Rando_baie_22_23_juin_2012.jpg\" alt=\"Rando baie 2012\" title=\"Bay walk 2012\" class=\"caption\" align=\"left\" \/><br \/>\nThis year, the <a href=\"http:\/\/www.rando-baie-mont-saint-michel.fr\/\" target=\"_blank\" rel=\"noopener\">5th Rando baie<\/a> celebrated the release of the topoguide with hikes and storytelling walks on the stages described in the topoguide, and a host of events culminating in the official launch on Saturday 23 June in the presence of partners and walkers.<\/p>\n<hr \/>\n<h2>Heritage Days<\/h2>\n<p><a name=\"#sept\"><\/a><br \/>\nWe stopped off at <strong>Verneuil-sur-Avre<\/strong> and <strong>L'Aigle<\/strong>two important stopover towns on the route.<\/p>\n<p><strong>Exhibitions at L'Aigle Town Hall and Espace Saint-Laurent in Verneuil-sur-Avre<\/strong><\/p>\n<p>The three great sites dedicated to Saint Michael in Europe...Mont-Saint-Michel, the Sacra di San Michele and Monte Sant'Angelo<\/p>\n<p><strong>Saturday 15 September, first stop at L'Aigle<\/strong> in the company of the Mayor and local residents.<\/p>\n<p><strong>2nd stop at Verneuil-sur-Avre for the inauguration of the bronze nails and the signing of the stage-town agreement<\/strong><br \/>\n<img decoding=\"async\" src=\"IMG\/jpg\/flyer_2-2.jpg\" alt=\"programme \u00e0 t\u00e9l\u00e9charger\" title=\"programme to download\" class=\"caption\" align=\"left\" \/><\/p>\n<p>Leaving Acon in the morning, a group of walkers covered one of the stages described in the guidebook.<\/p>\n<p>The day ended with a talk by Pauline Maigre presenting the book recounting the saga of this Miquelote family and their donkey in 2011.<\/p>\n<p>Discover their blog by <a href=\"http:\/\/famillemaigre.over-blog.com\/\" target=\"_blank\" rel=\"noopener\">click here<\/a><br \/>\nand the first images of their adventure in <a href=\"http:\/\/www.surlatracedelarchange.com\/\" target=\"_blank\" rel=\"noopener\">click here<\/a><\/p>\n<hr \/>\n<p><a name=\"#sept2\"><\/a> <\/p>\n<h2>From 23 to 29 September, final walk from Domfront<\/h2>\n<p>This year, our group of miquelots followed the final stages of the long route from Paris to Mont...<\/p>\n<p>A total of 26 Miquelots embarked on the adventure, with around ten walkers accompanying them every day.<\/p>\n<p>A week full of discoveries: magnificent landscapes, a majestic heritage, lands of legends and some very beautiful paths!<\/p>\n<p>Along the way, two towns opened their doors to us: Domfront, with whom we signed a stopover agreement, and Mortain, where we were welcomed over a friendly drink.<\/p>\n<p>85 Miquelots crossed the bay on Saturday 29 September, Saint Michael's Day. The event ended in glorious sunshine after the blessing of the pilgrim.<\/p>\n<p>You can find our report on the <a href=\"http:\/\/marcheurs.blog.pelerin.info\/autres-chemins\/carnet-de-route-2012-des-pelerins-du-mont-saint-michel\/#more-3985\" target=\"_blank\" rel=\"noopener\">walkers' blog<\/a> who has been with us all week!<\/p>\n\n\n<p><\/p>","protected":false},"excerpt":{"rendered":"<p>Du parvis de la cath\u00e9drale Notre-Dame de Paris \u00e0 la c\u00e9l\u00e8bre abbaye du Mont-Saint-Michel, d\u00e9couvrez ce grand chemin historique. Ce topoguide (Rf 220) d\u00e9crit, en 160 pages, &#8211; le GR\u00ae 22 allant de Paris au Mont &#8211; et le Chemin de saint Michel de Verneuil-sur-Avre \u00e0 Domfront, pr\u00e9sent\u00e9 comme une option au chemin de Grande [&hellip;]<\/p>\n","protected":false},"author":5,"featured_media":0,"comment_status":"closed","ping_status":"open","sticky":false,"template":"","format":"standard","meta":{"_et_pb_use_builder":"","_et_pb_old_content":"","_et_gb_content_width":"","footnotes":""},"categories":[8],"tags":[],"class_list":["post-224","post","type-post","status-publish","format-standard","hentry","category-archives"],"_links":{"self":[{"href":"https:\/\/lescheminsdumontsaintmichel.com\/en\/wp-json\/wp\/v2\/posts\/224","targetHints":{"allow":["GET"]}}],"collection":[{"href":"https:\/\/lescheminsdumontsaintmichel.com\/en\/wp-json\/wp\/v2\/posts"}],"about":[{"href":"https:\/\/lescheminsdumontsaintmichel.com\/en\/wp-json\/wp\/v2\/types\/post"}],"author":[{"embeddable":true,"href":"https:\/\/lescheminsdumontsaintmichel.com\/en\/wp-json\/wp\/v2\/users\/5"}],"replies":[{"embeddable":true,"href":"https:\/\/lescheminsdumontsaintmichel.com\/en\/wp-json\/wp\/v2\/comments?post=224"}],"version-history":[{"count":2,"href":"https:\/\/lescheminsdumontsaintmichel.com\/en\/wp-json\/wp\/v2\/posts\/224\/revisions"}],"predecessor-version":[{"id":1849,"href":"https:\/\/lescheminsdumontsaintmichel.com\/en\/wp-json\/wp\/v2\/posts\/224\/revisions\/1849"}],"wp:attachment":[{"href":"https:\/\/lescheminsdumontsaintmichel.com\/en\/wp-json\/wp\/v2\/media?parent=224"}],"wp:term":[{"taxonomy":"category","embeddable":true,"href":"https:\/\/lescheminsdumontsaintmichel.com\/en\/wp-json\/wp\/v2\/categories?post=224"},{"taxonomy":"post_tag","embeddable":true,"href":"https:\/\/lescheminsdumontsaintmichel.com\/en\/wp-json\/wp\/v2\/tags?post=224"}],"curies":[{"name":"wp","href":"https:\/\/api.w.org\/{rel}","templated":true}]}}