{"id":220,"date":"2011-07-09T10:58:45","date_gmt":"2011-07-09T08:58:45","guid":{"rendered":"https:\/\/www2.lescheminsdumontsaintmichel.com\/?p=220"},"modified":"2024-10-20T10:38:22","modified_gmt":"2024-10-20T08:38:22","slug":"nos-premiers-pas-en-italie","status":"publish","type":"post","link":"https:\/\/lescheminsdumontsaintmichel.com\/en\/nos-premiers-pas-en-italie\/","title":{"rendered":"Our first steps in Italy"},"content":{"rendered":"<p>On 21 May 2011, together with the Amici della Sacra di San Michele, we inaugurated the first stage of the Cammino di San Michele at the foot of the Sacra. It was a moment of great emotion and sharing, as Marie-Paul Lab\u00e9y, President of the Chemins de saint Michel, and Teresa Ponzetto, President of the Amici, signed the charter for the networking of the Chemins de saint Michel, making the Amici our reference association in Piedmont.<br \/>\n<img decoding=\"async\" src=\"IMG\/jpg\/luna_nuova_240511_pag_13.jpg\" alt=\"luna_nuova_240511_pag_13.jpg\" align=\"left\" \/><\/p>\n<p><a href=\"https:\/\/www2.lescheminsdumontsaintmichel.com\/cammini-di-san-michele-italie\/\">Discover this adventure in our section devoted to the Cammino di San Michele<\/a><\/p>\n<p><a href=\"https:\/\/www2.lescheminsdumontsaintmichel.com\/les-chemins-d-italie\/\">Discover our advice for walkers who would like to embark on this adventure<\/a><\/p>","protected":false},"excerpt":{"rendered":"<p>Le 21 mai 2011, nous avons inaugur\u00e9 avec les Amici della Sacra di San Michele, la premi\u00e8re \u00e9tape du Cammino di San Michele au pied de la Sacra. Un moment riche de partage et d&rsquo;\u00e9motion puisque Marie-Paul Lab\u00e9y, pr\u00e9sidente des Chemins de saint Michel et T\u00e9r\u00e9sa Ponzetto, pr\u00e9sidente des Amici, ont sign\u00e9 la charte de [&hellip;]<\/p>\n","protected":false},"author":5,"featured_media":0,"comment_status":"closed","ping_status":"open","sticky":false,"template":"","format":"standard","meta":{"_et_pb_use_builder":"","_et_pb_old_content":"","_et_gb_content_width":"","footnotes":""},"categories":[8],"tags":[],"class_list":["post-220","post","type-post","status-publish","format-standard","hentry","category-archives"],"_links":{"self":[{"href":"https:\/\/lescheminsdumontsaintmichel.com\/en\/wp-json\/wp\/v2\/posts\/220","targetHints":{"allow":["GET"]}}],"collection":[{"href":"https:\/\/lescheminsdumontsaintmichel.com\/en\/wp-json\/wp\/v2\/posts"}],"about":[{"href":"https:\/\/lescheminsdumontsaintmichel.com\/en\/wp-json\/wp\/v2\/types\/post"}],"author":[{"embeddable":true,"href":"https:\/\/lescheminsdumontsaintmichel.com\/en\/wp-json\/wp\/v2\/users\/5"}],"replies":[{"embeddable":true,"href":"https:\/\/lescheminsdumontsaintmichel.com\/en\/wp-json\/wp\/v2\/comments?post=220"}],"version-history":[{"count":1,"href":"https:\/\/lescheminsdumontsaintmichel.com\/en\/wp-json\/wp\/v2\/posts\/220\/revisions"}],"predecessor-version":[{"id":1240,"href":"https:\/\/lescheminsdumontsaintmichel.com\/en\/wp-json\/wp\/v2\/posts\/220\/revisions\/1240"}],"wp:attachment":[{"href":"https:\/\/lescheminsdumontsaintmichel.com\/en\/wp-json\/wp\/v2\/media?parent=220"}],"wp:term":[{"taxonomy":"category","embeddable":true,"href":"https:\/\/lescheminsdumontsaintmichel.com\/en\/wp-json\/wp\/v2\/categories?post=220"},{"taxonomy":"post_tag","embeddable":true,"href":"https:\/\/lescheminsdumontsaintmichel.com\/en\/wp-json\/wp\/v2\/tags?post=220"}],"curies":[{"name":"wp","href":"https:\/\/api.w.org\/{rel}","templated":true}]}}