{"id":497,"date":"2024-06-06T09:57:27","date_gmt":"2024-06-06T07:57:27","guid":{"rendered":"https:\/\/www2.lescheminsdumontsaintmichel.com\/vire-8-juin-cinema-et-patrimoine-au-coeur-des-chemins-du-mont\/"},"modified":"2024-10-24T09:51:34","modified_gmt":"2024-10-24T07:51:34","slug":"vire-8-juin-cinema-et-patrimoine-au-coeur-des-chemins-du-mont","status":"publish","type":"post","link":"https:\/\/lescheminsdumontsaintmichel.com\/de\/vire-8-juin-cinema-et-patrimoine-au-coeur-des-chemins-du-mont\/","title":{"rendered":"Vire, 8. Juni, Film und Kulturerbe im Herzen der Chemins du Mont"},"content":{"rendered":"<p><strong>8. Juni in Vire, einer mittelalterlichen Stadt im Herzen der Chemins du Mont ,<br \/>\nzur Er\u00f6ffnung der dritten Saison von \"Cinema and Heritage\" :<\/strong><\/p>\n<p>Kirche Notre-Dame, Nachmittag und Abend mit den Chemins du Mont, anl\u00e4sslich des 80. Jahrestags der Landung und der Befreiung der Stadt<\/p>\n<p><strong>Ab 17 Uhr<\/strong>, <strong>Vereinsstand und Ausstellung<\/strong> \"Vire und die Pilgerfahrten zum Mont im Laufe der Jahrhunderte\".<\/p>\n<p><strong>17 h 30. Besuch Konferenz<\/strong> \u00fcber \"Vire, eine mittelalterliche Stadt, von der Zerst\u00f6rung bis zur Restaurierung\" (kostenlos nach telefonischer Anmeldung unter 02 31 66 28 50, Fremdenverkehrsamt).<\/p>\n<p><strong>22 h 30. Open-Air-Vorf\u00fchrung vor der Kirche Notre-Dame<\/strong> (Amphitheater Notre-Dame, rue Saulnerie) des Films von Jean-Paul Rappeneau (1966), \"Une vie de ch\u00e2teau\" (mit Catherine Deneuve, Philippe Noiret, Pierre Brasseur, Henri Garcin, Mary Marquet), Vaudeville in Kriegszeiten oder das Leben hinter verschlossenen T\u00fcren in einem normannischen Schloss am Vorabend des 6. Juni zwischen einer arbeitslosen Schlossherrin, einem deutschen Offizier und einem in der Region abspringenden R\u00e9sistance-K\u00e4mpfer....<br \/>\nVeranstaltungen im Rahmen des 80. Jahrestags der Befreiung, in Zusammenarbeit mit dem Fremdenverkehrsamt des Pays de Vire, der Stadt Vire-Normandie und mit Unterst\u00fctzung des Departements Calvados im Rahmen der dritten Ausgabe des Festivals \"Cin\u00e9ma et patrimoine\".<br \/>\nhttps:\/\/www.calvados.fr\/actu\/cine-spots-partageons-un-film-dans-un-lieu-d-exception<\/p>","protected":false},"excerpt":{"rendered":"<p>8 juin \u00e0 Vire, cit\u00e9 m\u00e9di\u00e9vale au coeur des Chemins du Mont , en ouverture de la 3e saison de \u00ab Cin\u00e9ma et patrimoine \u00bb : \u00e9glise Notre-Dame, apr\u00e8s-midi et soir\u00e9e avec les Chemins du Mont, \u00e0 l\u2019occasion du 80e anniversaire du D\u00e9barquement et de la Lib\u00e9ration de la Ville A partir de 17 h, [&hellip;]<\/p>\n","protected":false},"author":5,"featured_media":1936,"comment_status":"closed","ping_status":"open","sticky":false,"template":"","format":"standard","meta":{"_et_pb_use_builder":"","_et_pb_old_content":"","_et_gb_content_width":"","footnotes":""},"categories":[9,11],"tags":[],"class_list":["post-497","post","type-post","status-publish","format-standard","has-post-thumbnail","hentry","category-actualite","category-agenda"],"_links":{"self":[{"href":"https:\/\/lescheminsdumontsaintmichel.com\/de\/wp-json\/wp\/v2\/posts\/497","targetHints":{"allow":["GET"]}}],"collection":[{"href":"https:\/\/lescheminsdumontsaintmichel.com\/de\/wp-json\/wp\/v2\/posts"}],"about":[{"href":"https:\/\/lescheminsdumontsaintmichel.com\/de\/wp-json\/wp\/v2\/types\/post"}],"author":[{"embeddable":true,"href":"https:\/\/lescheminsdumontsaintmichel.com\/de\/wp-json\/wp\/v2\/users\/5"}],"replies":[{"embeddable":true,"href":"https:\/\/lescheminsdumontsaintmichel.com\/de\/wp-json\/wp\/v2\/comments?post=497"}],"version-history":[{"count":2,"href":"https:\/\/lescheminsdumontsaintmichel.com\/de\/wp-json\/wp\/v2\/posts\/497\/revisions"}],"predecessor-version":[{"id":1938,"href":"https:\/\/lescheminsdumontsaintmichel.com\/de\/wp-json\/wp\/v2\/posts\/497\/revisions\/1938"}],"wp:featuredmedia":[{"embeddable":true,"href":"https:\/\/lescheminsdumontsaintmichel.com\/de\/wp-json\/wp\/v2\/media\/1936"}],"wp:attachment":[{"href":"https:\/\/lescheminsdumontsaintmichel.com\/de\/wp-json\/wp\/v2\/media?parent=497"}],"wp:term":[{"taxonomy":"category","embeddable":true,"href":"https:\/\/lescheminsdumontsaintmichel.com\/de\/wp-json\/wp\/v2\/categories?post=497"},{"taxonomy":"post_tag","embeddable":true,"href":"https:\/\/lescheminsdumontsaintmichel.com\/de\/wp-json\/wp\/v2\/tags?post=497"}],"curies":[{"name":"wp","href":"https:\/\/api.w.org\/{rel}","templated":true}]}}