{"id":453,"date":"2022-06-13T09:05:06","date_gmt":"2022-06-13T07:05:06","guid":{"rendered":"https:\/\/www2.lescheminsdumontsaintmichel.com\/inauguration-du-miquelot-a-saint-sever-calvados\/"},"modified":"2024-10-18T22:39:02","modified_gmt":"2024-10-18T20:39:02","slug":"inauguration-du-miquelot-a-saint-sever-calvados","status":"publish","type":"post","link":"https:\/\/lescheminsdumontsaintmichel.com\/de\/inauguration-du-miquelot-a-saint-sever-calvados\/","title":{"rendered":"Einweihung des \"Miquelot\" in Saint-Sever-Calvados"},"content":{"rendered":"<p> <img decoding=\"async\" src=\"IMG\/jpg\/miquelot_redim.jpg\" alt=\"miquelot_redim.jpg\" align=\"left\" \/> <strong>11. Juni, Saint-Sever-Calvados<\/strong>Einweihung der Statue des \"Pestalozzi\" im Rahmen der Veranstaltung \"Pierres en lumi\u00e8res\".\u00a0<strong>Miquelot<\/strong>\u00a0\" vor der gotischen Abteikirche. Dieses von der Gemeinde in Zusammenarbeit mit der Gie\u00dfereiwerkstatt des IME in Vire geschaffene Werk wird Besucher, Einwohner und alle Wanderer an den Platz von Saint-Sever auf dem alten, von der Vereinigung rehabilitierten Montaisweg erinnern. Ein Text aus der Zeit vor dem Jahr 1000 berichtet von Miquelots, die auf der alten R\u00f6merstra\u00dfe von Vieux-la-Romaine nach Avranches unterwegs waren. Ihre Route entspricht heute dem Weg nach Caen \u00fcber Evrecy, Saint-Sever und die Bucht von Mont<br \/>\nEine gro\u00dfartige, sehr stimmungsvolle Leistung, die sicherlich noch weitere auf den Wegen des Mont...<br \/>\nBravo an Saint-Sever Calvados, und an Noues-de-Sienne f\u00fcr dieses Werk, ein erkl\u00e4rendes Pult und ein Hals aus polierter Bronze der Chemins du Mont vervollst\u00e4ndigen das Werk<\/p>","protected":false},"excerpt":{"rendered":"<p>11 juin, Saint-Sever-Calvados, \u00e0 l&rsquo;occasion de \u00ab\u00a0Pierres en lumi\u00e8res\u00a0\u00bb Inauguration de la statue du \u00ab\u00a0Miquelot\u00a0\u00bb devant l&rsquo;abbatiale gothique. Cette oeuvre cr\u00e9\u00e9e par la commune avec l&rsquo;atelier fonderie de l&rsquo;IME de Vire rappellera aux visiteurs, aux habitants et \u00e0 tous les marcheurs, la place de Saint-Sever sur l&rsquo;ancien chemin montais r\u00e9habilit\u00e9 par l&rsquo;association. Un texte ant\u00e9rieur [&hellip;]<\/p>\n","protected":false},"author":5,"featured_media":0,"comment_status":"closed","ping_status":"open","sticky":false,"template":"","format":"standard","meta":{"_et_pb_use_builder":"","_et_pb_old_content":"","_et_gb_content_width":"","footnotes":""},"categories":[9,12],"tags":[],"class_list":["post-453","post","type-post","status-publish","format-standard","hentry","category-actualite","category-nouveautes"],"_links":{"self":[{"href":"https:\/\/lescheminsdumontsaintmichel.com\/de\/wp-json\/wp\/v2\/posts\/453","targetHints":{"allow":["GET"]}}],"collection":[{"href":"https:\/\/lescheminsdumontsaintmichel.com\/de\/wp-json\/wp\/v2\/posts"}],"about":[{"href":"https:\/\/lescheminsdumontsaintmichel.com\/de\/wp-json\/wp\/v2\/types\/post"}],"author":[{"embeddable":true,"href":"https:\/\/lescheminsdumontsaintmichel.com\/de\/wp-json\/wp\/v2\/users\/5"}],"replies":[{"embeddable":true,"href":"https:\/\/lescheminsdumontsaintmichel.com\/de\/wp-json\/wp\/v2\/comments?post=453"}],"version-history":[{"count":1,"href":"https:\/\/lescheminsdumontsaintmichel.com\/de\/wp-json\/wp\/v2\/posts\/453\/revisions"}],"predecessor-version":[{"id":1286,"href":"https:\/\/lescheminsdumontsaintmichel.com\/de\/wp-json\/wp\/v2\/posts\/453\/revisions\/1286"}],"wp:attachment":[{"href":"https:\/\/lescheminsdumontsaintmichel.com\/de\/wp-json\/wp\/v2\/media?parent=453"}],"wp:term":[{"taxonomy":"category","embeddable":true,"href":"https:\/\/lescheminsdumontsaintmichel.com\/de\/wp-json\/wp\/v2\/categories?post=453"},{"taxonomy":"post_tag","embeddable":true,"href":"https:\/\/lescheminsdumontsaintmichel.com\/de\/wp-json\/wp\/v2\/tags?post=453"}],"curies":[{"name":"wp","href":"https:\/\/api.w.org\/{rel}","templated":true}]}}