{"id":452,"date":"2022-06-07T09:28:48","date_gmt":"2022-06-07T07:28:48","guid":{"rendered":"https:\/\/www2.lescheminsdumontsaintmichel.com\/11-juin-pierres-en-lumieres-a-saint-sever-calvados\/"},"modified":"2024-10-18T22:39:15","modified_gmt":"2024-10-18T20:39:15","slug":"11-juin-pierres-en-lumieres-a-saint-sever-calvados","status":"publish","type":"post","link":"https:\/\/lescheminsdumontsaintmichel.com\/de\/11-juin-pierres-en-lumieres-a-saint-sever-calvados\/","title":{"rendered":"11. Juni \"Pierres en lumi\u00e8res\" in Saint-Sever Calvados"},"content":{"rendered":"<p><img decoding=\"async\" src=\"IMG\/jpg\/st_sever_scan-page-001_redim.jpg\" alt=\"st_sever_scan-page-001_redim.jpg\" align=\"left\" \/><strong>Sondertag im Rahmen der <\/strong> <strong>10 Jahre \"Pierres en lumi\u00e8res\" (Steine im Licht)<\/strong> <strong>im Calvados<\/strong>Die Abteikirche und ihre Geschichte stehen im Mittelpunkt einer Reihe von Veranstaltungen.<\/p>\n<p>A <strong>19 h 15, <\/strong> einweihung vor der abteikirche der <strong>lebensgro\u00dfe Statue eines Miquelot<\/strong> bei der Ankunft in der Abtei (Skulptur der Eisenwerkstatt des IME Vire)<\/p>\n<p>Mit mehreren St\u00e4nden und Animationen, darunter vor allem herzhafte und s\u00fc\u00dfe Speisen, eine M\u00e4rchenwanderung, F\u00fchrungen, eine Ausstellung der Chemins du Mont-Saint-Michel, ein Konzertspektakel...<\/p>\n<p>A <em>22 h 45<\/em>, <strong>Freiluftvorf\u00fchrung des Films<\/strong> von Henri Verneuil, \"Un singe en hiver\" im Rahmen von \"Pierres en lumi\u00e8res\" (Steine im Licht), parallel zur laufenden Ausstellung im Mus\u00e9e de Normandie in Caen \u00fcber \"le patrimoine normand au cin\u00e9ma\" (Ausstellung bis zum 21. August zu sehen).<\/p>\n<p>Veranstaltungen, organisiert von der delegierten Gemeinde Saint-Sever-Calvados (neue Gemeinde Noues-de-Sienne), mit der Unterst\u00fctzung des Departements Calvados<br \/>\nFreier Eintritt<\/p>","protected":false},"excerpt":{"rendered":"<p>Journ\u00e9e sp\u00e9ciale dans le cadre des 10 ans de \u00ab\u00a0Pierres en lumi\u00e8res\u00a0\u00bb dans le Calvados, avec un ensemble de manifestations autour de l&rsquo;abbatiale et de son histoire. A 19 h 15, inauguration devant l&rsquo;abbatiale de la statue grandeur nature d&rsquo;un miquelot arrivant \u00e0 l&rsquo;abbaye (sculpture r\u00e9alis\u00e9e par l&rsquo;atelier ferronnerie de l&rsquo;IME de Vire). Avec plusieurs [&hellip;]<\/p>\n","protected":false},"author":5,"featured_media":0,"comment_status":"closed","ping_status":"open","sticky":false,"template":"","format":"standard","meta":{"_et_pb_use_builder":"","_et_pb_old_content":"","_et_gb_content_width":"","footnotes":""},"categories":[9,11],"tags":[],"class_list":["post-452","post","type-post","status-publish","format-standard","hentry","category-actualite","category-agenda"],"_links":{"self":[{"href":"https:\/\/lescheminsdumontsaintmichel.com\/de\/wp-json\/wp\/v2\/posts\/452","targetHints":{"allow":["GET"]}}],"collection":[{"href":"https:\/\/lescheminsdumontsaintmichel.com\/de\/wp-json\/wp\/v2\/posts"}],"about":[{"href":"https:\/\/lescheminsdumontsaintmichel.com\/de\/wp-json\/wp\/v2\/types\/post"}],"author":[{"embeddable":true,"href":"https:\/\/lescheminsdumontsaintmichel.com\/de\/wp-json\/wp\/v2\/users\/5"}],"replies":[{"embeddable":true,"href":"https:\/\/lescheminsdumontsaintmichel.com\/de\/wp-json\/wp\/v2\/comments?post=452"}],"version-history":[{"count":1,"href":"https:\/\/lescheminsdumontsaintmichel.com\/de\/wp-json\/wp\/v2\/posts\/452\/revisions"}],"predecessor-version":[{"id":1287,"href":"https:\/\/lescheminsdumontsaintmichel.com\/de\/wp-json\/wp\/v2\/posts\/452\/revisions\/1287"}],"wp:attachment":[{"href":"https:\/\/lescheminsdumontsaintmichel.com\/de\/wp-json\/wp\/v2\/media?parent=452"}],"wp:term":[{"taxonomy":"category","embeddable":true,"href":"https:\/\/lescheminsdumontsaintmichel.com\/de\/wp-json\/wp\/v2\/categories?post=452"},{"taxonomy":"post_tag","embeddable":true,"href":"https:\/\/lescheminsdumontsaintmichel.com\/de\/wp-json\/wp\/v2\/tags?post=452"}],"curies":[{"name":"wp","href":"https:\/\/api.w.org\/{rel}","templated":true}]}}