{"id":327,"date":"2018-10-03T10:58:45","date_gmt":"2018-10-03T08:58:45","guid":{"rendered":"https:\/\/www2.lescheminsdumontsaintmichel.com\/?p=327"},"modified":"2024-10-20T10:39:47","modified_gmt":"2024-10-20T08:39:47","slug":"13-octobre-rando-velo-de-mortain-a-bas-courtils","status":"publish","type":"post","link":"https:\/\/lescheminsdumontsaintmichel.com\/de\/13-octobre-rando-velo-de-mortain-a-bas-courtils\/","title":{"rendered":"13. Oktober, Rando V\u00e9lo von Mortain nach Bas-Courtils"},"content":{"rendered":"<p><doc1795|left><\/p>\n<p><strong>Samstag, 13. Oktober, Rando-V\u00e9lo von Mortain nach Bas-Courtils<\/strong> (40 km auf dem Chemin du Mont-Saint-Michel, der dem Gr\u00fcnen Weg entspricht).<\/p>\n<p>Treffpunkt ist um 10 Uhr an der kleinen Kapelle Saint-Michel in Mortain, historische Pausen unterwegs.<\/p>\n<p>17 h. R\u00fcckfahrt mit dem Bus mit Fahrr\u00e4dern in einem Lastwagen.<\/p>\n<p>Einschreibung: 10 \u20ac.<\/p>\n<p>Jahrestag der Aufnahme des Mont-Saint-Michel in die UNESCO-Liste der Jakobswege, organisiert mit der DRAC Normandie<\/p>\n<p><strong>Ich lade den Flyer herunter<\/strong><doc1797|center><\/p>","protected":false},"excerpt":{"rendered":"<p>Samedi 13 octobre, Rando-V\u00e9lo de Mortain \u00e0 Bas-Courtils (40 km sur la Chemin du Mont-Saint-Michel correspondant \u00e0 la voie verte). Rendez-vous \u00e0 la petite chapelle Saint-Michel de Mortain \u00e0 10 h, pauses historiques en route. 17 h. Retour en bus avec v\u00e9los dans un camion. Inscription : 10 \u20ac. Journ\u00e9e organis\u00e9e avec la DRAC Normandie [&hellip;]<\/p>\n","protected":false},"author":5,"featured_media":0,"comment_status":"closed","ping_status":"open","sticky":false,"template":"","format":"standard","meta":{"_et_pb_use_builder":"","_et_pb_old_content":"","_et_gb_content_width":"","footnotes":""},"categories":[8],"tags":[],"class_list":["post-327","post","type-post","status-publish","format-standard","hentry","category-archives"],"_links":{"self":[{"href":"https:\/\/lescheminsdumontsaintmichel.com\/de\/wp-json\/wp\/v2\/posts\/327","targetHints":{"allow":["GET"]}}],"collection":[{"href":"https:\/\/lescheminsdumontsaintmichel.com\/de\/wp-json\/wp\/v2\/posts"}],"about":[{"href":"https:\/\/lescheminsdumontsaintmichel.com\/de\/wp-json\/wp\/v2\/types\/post"}],"author":[{"embeddable":true,"href":"https:\/\/lescheminsdumontsaintmichel.com\/de\/wp-json\/wp\/v2\/users\/5"}],"replies":[{"embeddable":true,"href":"https:\/\/lescheminsdumontsaintmichel.com\/de\/wp-json\/wp\/v2\/comments?post=327"}],"version-history":[{"count":1,"href":"https:\/\/lescheminsdumontsaintmichel.com\/de\/wp-json\/wp\/v2\/posts\/327\/revisions"}],"predecessor-version":[{"id":1404,"href":"https:\/\/lescheminsdumontsaintmichel.com\/de\/wp-json\/wp\/v2\/posts\/327\/revisions\/1404"}],"wp:attachment":[{"href":"https:\/\/lescheminsdumontsaintmichel.com\/de\/wp-json\/wp\/v2\/media?parent=327"}],"wp:term":[{"taxonomy":"category","embeddable":true,"href":"https:\/\/lescheminsdumontsaintmichel.com\/de\/wp-json\/wp\/v2\/categories?post=327"},{"taxonomy":"post_tag","embeddable":true,"href":"https:\/\/lescheminsdumontsaintmichel.com\/de\/wp-json\/wp\/v2\/tags?post=327"}],"curies":[{"name":"wp","href":"https:\/\/api.w.org\/{rel}","templated":true}]}}