{"id":2810,"date":"2026-03-20T23:26:16","date_gmt":"2026-03-20T22:26:16","guid":{"rendered":"https:\/\/lescheminsdumontsaintmichel.com\/?p=2810"},"modified":"2026-03-20T23:31:27","modified_gmt":"2026-03-20T22:31:27","slug":"2810-2","status":"publish","type":"post","link":"https:\/\/lescheminsdumontsaintmichel.com\/de\/2810-2\/","title":{"rendered":""},"content":{"rendered":"\n[et_pb_section fb_built=\u00a0\u00bb1&Prime; theme_builder_area=\u00a0\u00bbpost_content\u00a0\u00bb _builder_version=\u00a0\u00bb4.27.6&Prime; _module_preset=\u00a0\u00bbdefault\u00a0\u00bb hover_enabled=\u00a0\u00bb0&Prime; sticky_enabled=\u00a0\u00bb0&Prime;][et_pb_row _builder_version=\u00a0\u00bb4.27.6&Prime; _module_preset=\u00a0\u00bbdefault\u00a0\u00bb theme_builder_area=\u00a0\u00bbpost_content\u00a0\u00bb][et_pb_column _builder_version=\u00a0\u00bb4.27.6&Prime; _module_preset=\u00a0\u00bbdefault\u00a0\u00bb type=\u00a0\u00bb4_4&Prime; theme_builder_area=\u00a0\u00bbpost_content\u00a0\u00bb][et_pb_text _builder_version=\u00a0\u00bb4.27.6&Prime; _module_preset=\u00a0\u00bbdefault\u00a0\u00bb theme_builder_area=\u00a0\u00bbpost_content\u00a0\u00bb hover_enabled=\u00a0\u00bb0&Prime; sticky_enabled=\u00a0\u00bb0&Prime;]<p><img loading=\"lazy\" decoding=\"async\" src=\"https:\/\/lescheminsdumontsaintmichel.com\/wp-content\/uploads\/2026\/03\/image0000001003-1.jpg\" width=\"1024\" height=\"576\" alt=\"\" class=\"wp-image-2813 aligncenter size-full\" srcset=\"https:\/\/lescheminsdumontsaintmichel.com\/wp-content\/uploads\/2026\/03\/image0000001003-1.jpg 1024w, https:\/\/lescheminsdumontsaintmichel.com\/wp-content\/uploads\/2026\/03\/image0000001003-1-980x551.jpg 980w, https:\/\/lescheminsdumontsaintmichel.com\/wp-content\/uploads\/2026\/03\/image0000001003-1-480x270.jpg 480w\" sizes=\"(min-width: 0px) and (max-width: 480px) 480px, (min-width: 481px) and (max-width: 980px) 980px, (min-width: 981px) 1024px, 100vw\" \/>Les Chemins du Mont-Saint-Mihcel sont au Centre des congr\u00e8s de Lyon, au salon du randonneur, ce week end des 21-22 mars\u00a0 \u00e0 partir de 10 h (stand D 52), pour d\u00e9finir votre prochain projet de grande itin\u00e9rance sur les Chemins du Mont<\/p>\n<p>invitations gratuites t\u00e9l\u00e9chargeables : https:\/\/yurplan.com\/events\/Salon-du-Randonneur-2026\/192086\/tickets?code=QVUQDW<\/p>[\/et_pb_text][\/et_pb_column][\/et_pb_row][\/et_pb_section]\n","protected":false},"excerpt":{"rendered":"<p>Les Chemins du Mont-Saint-Mihcel sont au Centre des congr\u00e8s de Lyon, au salon du randonneur, ce week end des 21-22 mars\u00a0 \u00e0 partir de 10 h (stand D 52), pour d\u00e9finir votre prochain projet de grande itin\u00e9rance sur les Chemins du Mont invitations gratuites t\u00e9l\u00e9chargeables : https:\/\/yurplan.com\/events\/Salon-du-Randonneur-2026\/192086\/tickets?code=QVUQDW<\/p>","protected":false},"author":5,"featured_media":0,"comment_status":"open","ping_status":"open","sticky":false,"template":"","format":"standard","meta":{"_et_pb_use_builder":"on","_et_pb_old_content":"","_et_gb_content_width":"","footnotes":""},"categories":[9,11],"tags":[],"class_list":["post-2810","post","type-post","status-publish","format-standard","hentry","category-actualite","category-agenda"],"_links":{"self":[{"href":"https:\/\/lescheminsdumontsaintmichel.com\/de\/wp-json\/wp\/v2\/posts\/2810","targetHints":{"allow":["GET"]}}],"collection":[{"href":"https:\/\/lescheminsdumontsaintmichel.com\/de\/wp-json\/wp\/v2\/posts"}],"about":[{"href":"https:\/\/lescheminsdumontsaintmichel.com\/de\/wp-json\/wp\/v2\/types\/post"}],"author":[{"embeddable":true,"href":"https:\/\/lescheminsdumontsaintmichel.com\/de\/wp-json\/wp\/v2\/users\/5"}],"replies":[{"embeddable":true,"href":"https:\/\/lescheminsdumontsaintmichel.com\/de\/wp-json\/wp\/v2\/comments?post=2810"}],"version-history":[{"count":3,"href":"https:\/\/lescheminsdumontsaintmichel.com\/de\/wp-json\/wp\/v2\/posts\/2810\/revisions"}],"predecessor-version":[{"id":2815,"href":"https:\/\/lescheminsdumontsaintmichel.com\/de\/wp-json\/wp\/v2\/posts\/2810\/revisions\/2815"}],"wp:attachment":[{"href":"https:\/\/lescheminsdumontsaintmichel.com\/de\/wp-json\/wp\/v2\/media?parent=2810"}],"wp:term":[{"taxonomy":"category","embeddable":true,"href":"https:\/\/lescheminsdumontsaintmichel.com\/de\/wp-json\/wp\/v2\/categories?post=2810"},{"taxonomy":"post_tag","embeddable":true,"href":"https:\/\/lescheminsdumontsaintmichel.com\/de\/wp-json\/wp\/v2\/tags?post=2810"}],"curies":[{"name":"wp","href":"https:\/\/api.w.org\/{rel}","templated":true}]}}