{"id":230,"date":"2012-09-01T10:56:24","date_gmt":"2012-09-01T08:56:24","guid":{"rendered":"https:\/\/www2.lescheminsdumontsaintmichel.com\/?p=230"},"modified":"2024-10-20T10:49:49","modified_gmt":"2024-10-20T08:49:49","slug":"conference-historique-de-pierre-bouet","status":"publish","type":"post","link":"https:\/\/lescheminsdumontsaintmichel.com\/de\/conference-historique-de-pierre-bouet\/","title":{"rendered":"Historischer Vortrag von Pierre Bouet"},"content":{"rendered":"<p>Am Samstag, den 10. November in Villedieu-les-Po\u00eales, stellen wir auf <strong>eine Bilanz der in den letzten 15 Jahren durchgef\u00fchrten Forschungen \u00fcber die Verehrung und die Pilgerfahrten zum Heiligen Michael in Europa<\/strong>.<\/p>\n<p>Diese neuen Forschungsarbeiten waren der Verehrung des Heiligen Michael in Europa und den drei ihm gewidmeten Bergen gewidmet: dem Mont Gargan in S\u00fcditalien, dem Mont Saint-Michel in der Normandie und San Michele della Chiusa im Piemont. Engagiert in europ\u00e4ischen Programmen, haben zahlreiche franz\u00f6sische und ausl\u00e4ndische Forscher mehrere internationale Kolloquien organisiert, darunter die in Cerisy, Ardevon und auf dem Mont Saint-Michel.<\/p>\n<p><strong>Pierre Bouet<\/strong>Der Autor, Ehrenpr\u00e4sident des Office universitaire d'\u00e9tudes normandes an der Universit\u00e4t Caen und Mitglied des wissenschaftlichen Ausschusses des Vereins Les Chemins de saint Michel, hat sich seit \u00fcber zehn Jahren aktiv an diesen Forschungen beteiligt.<\/p>\n<p><center><strong>\"Neue Sichtweisen auf die Verehrung des Heiligen Michael in Europa (6.-20. Jahrhundert). Bilan des recherches effectu\u00e9es depuis quinze ans\" (Bilanz der in den letzten f\u00fcnfzehn Jahren durchgef\u00fchrten Forschungen),<\/p>\n<p>am Samstag, den 10. November 2012 um 15:30 Uhr<\/p>\n<p>im Cin\u00e9ma Rex in Villedieu-les-Po\u00eales,<\/p>\n<p>communaut\u00e9 de communes \u00e9tape sur les chemins de saint Michel,<\/p>\n<p>(freier Eintritt).<\/strong><\/p>\n<p>In Partnerschaft mit der Arch\u00e4ologischen Gesellschaft von Avranches, Mortain und Granville, den Freunden des Mont-Saint-Michel und den Chemins de saint Michel.<\/center><\/p>\n<p>Parallel dazu wird der Verein eine Verkaufsf\u00f6rderung f\u00fcr die B\u00e4nde der verschiedenen Kolloquien organisieren, deren Forschungen auf dieser \u00f6ffentlichen Konferenz besprochen werden. <\/p>","protected":false},"excerpt":{"rendered":"<p>Le samedi 10 novembre \u00e0 Villedieu-les-Po\u00eales, nous vous proposons de dresser un bilan des recherches effectu\u00e9es depuis 15 ans sur le culte et les p\u00e8lerinages \u00e0 saint Michel en Europe. Ces nouvelles recherches ont \u00e9t\u00e9 consacr\u00e9es au culte de saint Michel en Europe et aux trois Monts qui lui sont d\u00e9di\u00e9s : le Mont Gargan [&hellip;]<\/p>\n","protected":false},"author":5,"featured_media":0,"comment_status":"closed","ping_status":"open","sticky":false,"template":"","format":"standard","meta":{"_et_pb_use_builder":"","_et_pb_old_content":"","_et_gb_content_width":"","footnotes":""},"categories":[8],"tags":[],"class_list":["post-230","post","type-post","status-publish","format-standard","hentry","category-archives"],"_links":{"self":[{"href":"https:\/\/lescheminsdumontsaintmichel.com\/de\/wp-json\/wp\/v2\/posts\/230","targetHints":{"allow":["GET"]}}],"collection":[{"href":"https:\/\/lescheminsdumontsaintmichel.com\/de\/wp-json\/wp\/v2\/posts"}],"about":[{"href":"https:\/\/lescheminsdumontsaintmichel.com\/de\/wp-json\/wp\/v2\/types\/post"}],"author":[{"embeddable":true,"href":"https:\/\/lescheminsdumontsaintmichel.com\/de\/wp-json\/wp\/v2\/users\/5"}],"replies":[{"embeddable":true,"href":"https:\/\/lescheminsdumontsaintmichel.com\/de\/wp-json\/wp\/v2\/comments?post=230"}],"version-history":[{"count":1,"href":"https:\/\/lescheminsdumontsaintmichel.com\/de\/wp-json\/wp\/v2\/posts\/230\/revisions"}],"predecessor-version":[{"id":1513,"href":"https:\/\/lescheminsdumontsaintmichel.com\/de\/wp-json\/wp\/v2\/posts\/230\/revisions\/1513"}],"wp:attachment":[{"href":"https:\/\/lescheminsdumontsaintmichel.com\/de\/wp-json\/wp\/v2\/media?parent=230"}],"wp:term":[{"taxonomy":"category","embeddable":true,"href":"https:\/\/lescheminsdumontsaintmichel.com\/de\/wp-json\/wp\/v2\/categories?post=230"},{"taxonomy":"post_tag","embeddable":true,"href":"https:\/\/lescheminsdumontsaintmichel.com\/de\/wp-json\/wp\/v2\/tags?post=230"}],"curies":[{"name":"wp","href":"https:\/\/api.w.org\/{rel}","templated":true}]}}