{"id":224,"date":"2012-03-01T10:56:24","date_gmt":"2012-03-01T09:56:24","guid":{"rendered":"https:\/\/www2.lescheminsdumontsaintmichel.com\/?p=224"},"modified":"2024-10-20T10:52:52","modified_gmt":"2024-10-20T08:52:52","slug":"sortie-du-topoguide-chemin-vers-le-mont-saint-michel","status":"publish","type":"post","link":"https:\/\/lescheminsdumontsaintmichel.com\/de\/sortie-du-topoguide-chemin-vers-le-mont-saint-michel\/","title":{"rendered":"Ausgabe des Topoguides Weg zum Mont-Saint-Michel"},"content":{"rendered":"<p>Vom Vorplatz der Kathedrale Notre-Dame de Paris bis zur ber\u00fchmten Abtei Mont-Saint-Michel k\u00f6nnen Sie diesen gro\u00dfen historischen Weg entdecken.<\/p>\n<p>Dieser Topoguide (Rf 220) beschreibt auf 160 Seiten,<br \/>\n- der GR\u00ae 22 von Paris zum Mont<br \/>\n- und der Chemin de saint Michel von Verneuil-sur-Avre nach Domfront, der als Option f\u00fcr den Fernwanderweg vorgestellt wurde.<\/p>\n<p><img decoding=\"async\" src=\"IMG\/jpg\/carte.jpg\" alt=\"carte.jpg\" align=\"center\" \/><\/p>\n<p>Es handelt sich um eine beispielhafte Zusammenarbeit zwischen dem Verein \"Les Chemins de saint Michel\", der F\u00e9d\u00e9ration Fran\u00e7aise de la Randonn\u00e9e und den durchquerten Gemeinden.<\/p>\n<p><a href=\"http:\/\/www.ffrandonnee.fr\/boutique\/topo-guide.aspx?ref=220&#038;t=gr&#038;v=22\" target=\"_blank\" rel=\"noopener\">Um es zu bestellen<\/a><\/p>\n<p>Um die Ver\u00f6ffentlichung dieses Topoguides zu feiern, bereiten wir Ihnen ein Jahr voller Feierlichkeiten auf den Wegen des heiligen Michael vor...<\/p>\n<p>... im Fr\u00fchling entlang des Weges in unseren Etappenst\u00e4dten, w\u00e4hrend der Randobaie vom 22. bis 24. Juni, dann im September 2012 eine f\u00fcnft\u00e4gige Wanderung zwischen Domfront und dem Mont-Saint-Michel...<\/p>\n<hr \/>\n<p><a href=\"#avril\">Sonntag, 1. April, Les Randos du salon<\/a><\/p>\n<p><a href=\"#mai\">Mai-Juni, in Argentan<\/a><\/p>\n<p><a href=\"#juin\">Vom 22. bis 24. Juni findet die Randobaie <\/a><\/p>\n<p><a href=\"#sept\">Tage des Kulturerbes, in L'Aigle und Verneuil-sur-Avre <\/a><\/p>\n<p><a href=\"#sept2\">Vom 23. bis 29. September, von Domfront bis zum Mont <\/a><\/p>\n<h2><strong>Sonntag, 1. April<\/strong> offizieller Start auf der Wanderausstellung 2012<\/h2>\n<p><a name=\"#avril\"><\/a><\/p>\n<p><img decoding=\"async\" src=\"IMG\/jpg\/recto_flyer.jpg\" alt=\"lancement au salon des Randonn\u00e9es\" title=\"Start auf der Wanderausstellung\" class=\"caption\" align=\"left\" \/><\/p>\n<p>In Partnerschaft mit der <a href=\"http:\/\/www.ffrandonnee.fr\/\" target=\"_blank\" rel=\"noopener\">FFRandonn\u00e9e<\/a>Die Messewanderung auf den Wegen des Mont-Saint-Michel, bei der Sie die ersten Kilometer entlang der Seine zur\u00fccklegen, ist ein au\u00dfergew\u00f6hnliches Ereignis.<\/p>\n<p><img decoding=\"async\" src=\"IMG\/jpg\/IMG_1241_-_Copie.jpg\" alt=\"IMG_1241_-_Copie.jpg\" align=\"right\" \/><br \/>\nBei ihrer Ankunft auf der Messe lie\u00dfen die Wanderer ihr carnet du Miquelot von der Vereinigung les chemins de saint Michel am Stand abstempeln. <a href=\"http:\/\/www.cheminsdetoiles.com\/\" target=\"_blank\" rel=\"noopener\">Sternenpfade<\/a>Der erste Schritt auf dem Weg zum Mont-Saint-Michel war damit getan.<\/p>\n<hr \/>\n<h2>Im Fr\u00fchling in Argentan<\/h2>\n<p><a name=\"#mai\"><\/a><\/p>\n<p>Als neue Etappenstadt auf den Wegen des heiligen Michael mit einer reichen und glorreichen Vergangenheit war die Stadt Gastgeberin mehrerer Veranstaltungen zur Ver\u00f6ffentlichung des Topoguides:<\/p>\n<p><img decoding=\"async\" src=\"IMG\/jpg\/DSC04514_-_Copie.jpg\" alt=\"DSC04514_-_Copie.jpg\" align=\"left\" \/><br \/>\n<strong>vom 24. Mai bis 23. Juni eine Ausstellung \u00fcber die Drei Berge, die dem Erzengel gewidmet sind, im Tourismusb\u00fcro<\/strong>.<\/p>\n<p><strong>Die drei gro\u00dfen St\u00e4tten, die in Europa dem Heiligen Michael gewidmet sind... Mont-Saint-Michel, die Sacra di San Michele und der Monte Sant'Angelo<\/strong><\/p>\n<p><img decoding=\"async\" src=\"IMG\/jpg\/DSC03920_-_Copie.jpg\" alt=\"DSC03920_-_Copie.jpg\" align=\"left\" \/><br \/>\n<strong>Am Samstag, den 16. Juni, eine kulturelle Stadtf\u00fchrung<\/strong> auf den Spuren der Pilger und die Unterzeichnung der Vereinbarung als Etappenstadt<\/p>\n<p>Die Rechnungen des H\u00f4tel-Dieu in Argentan und die Archive haben die Erinnerung an den Durchzug der Pilger des Heiligen Michael bewahrt, die als \"Miquelots\" oder \"Petits de Saint Michel\" bezeichnet werden.<\/p>\n<hr \/>\n<h2>Vom 22. bis 24. Juni die Randobaie<\/h2>\n<p><a name=\"#juin\"><\/a><br \/>\n<img decoding=\"async\" src=\"IMG\/jpg\/034_Rando_baie_22_23_juin_2012.jpg\" alt=\"Rando baie 2012\" title=\"Rando baie 2012\" class=\"caption\" align=\"left\" \/><br \/>\nIn diesem Jahr wird die <a href=\"http:\/\/www.rando-baie-mont-saint-michel.fr\/\" target=\"_blank\" rel=\"noopener\">5. Rando baie<\/a> hat die Ver\u00f6ffentlichung des Topoguides mit Wanderungen und erz\u00e4hlten Spazierg\u00e4ngen auf den im Topoguide beschriebenen Etappen geehrt, zahlreiche Animationen, die mit der offiziellen Lancierung am Samstag, den 23. Juni, in Anwesenheit der Partner und Wanderer endeten.<\/p>\n<hr \/>\n<h2>An den Tagen des Kulturerbes<\/h2>\n<p><a name=\"#sept\"><\/a><br \/>\nWir machten einen Zwischenstopp in <strong>Verneuil-sur-Avre<\/strong> und zu <strong>Der Adler<\/strong>zwei wichtige Etappenst\u00e4dte auf dem Weg.<\/p>\n<p><strong>Ausstellungen im H\u00f4tel de Ville in L'Aigle und im Espace Saint-Laurent in Verneuil-sur-Avre<\/strong><\/p>\n<p>Die drei gro\u00dfen St\u00e4tten, die in Europa dem Heiligen Michael gewidmet sind...Mont-Saint-Michel, die Sacra di San Michele und der Monte Sant'Angelo<\/p>\n<p><strong>Samstag, 15. September, erster Halt in L'Aigle<\/strong> um den letzten bronzenen Nagel, der den Weg markiert, in Begleitung von Herrn Le Maire und den Einwohnern zu setzen.<\/p>\n<p><strong>2. Halt in Verneuil-sur-Avre f\u00fcr die Einweihung der Bronzen\u00e4gel und die Unterzeichnung der Vereinbarung als Etappenstadt<\/strong><br \/>\n<img decoding=\"async\" src=\"IMG\/jpg\/flyer_2-2.jpg\" alt=\"programme \u00e0 t\u00e9l\u00e9charger\" title=\"Programm zum Herunterladen\" class=\"caption\" align=\"left\" \/><\/p>\n<p>Eine Gruppe von Wanderern, die am Morgen in Acon gestartet war, legte eine der im Topoguide beschriebenen Etappen zur\u00fcck.<\/p>\n<p>Der Tag endete mit einem Vortrag von Pauline Maigre, die das Buch vorstellte, in dem sie die Geschichte der Familie aus Miquelone mit ihrem Esel im Jahr 2011 erz\u00e4hlt.<\/p>\n<p>Entdecken Sie ihren Blog in <a href=\"http:\/\/famillemaigre.over-blog.com\/\" target=\"_blank\" rel=\"noopener\">hier klicken<\/a><br \/>\nund die ersten Bilder von ihrem Abenteuer in <a href=\"http:\/\/www.surlatracedelarchange.com\/\" target=\"_blank\" rel=\"noopener\">hier klicken<\/a><\/p>\n<hr \/>\n<p><a name=\"#sept2\"><\/a> <\/p>\n<h2>23. bis 29. September, Abschlussmarsch von Domfront aus<\/h2>\n<p>Dieses Jahr folgte unsere Gruppe von Miquelots den letzten Etappen des gro\u00dfen Weges von Paris nach Mont...<\/p>\n<p>Es waren 26 Miquelots, die sich auf das Abenteuer einlie\u00dfen, jeden Tag begleiteten sie etwa zehn Wanderer auf ihrer Reise.<\/p>\n<p>Eine Woche voller Entdeckungen: wundersch\u00f6ne Landschaften, ein majest\u00e4tisches Kulturerbe, Land der Legenden und sehr sch\u00f6ne Wege!<\/p>\n<p>Auf dem Weg dorthin \u00f6ffneten zwei St\u00e4dte ihre T\u00fcren: zun\u00e4chst Domfront, mit dem wir eine Vereinbarung als Etappenstadt unterzeichneten, und dann Mortain, wo wir mit einem Glas Freundschaft empfangen wurden.<\/p>\n<p>Wir waren 85 Miquelots, die am Samstag, dem 29. September, dem Tag des Heiligen Michael, die Bucht \u00fcberquerten. Bei strahlendem Sonnenschein endete dieses Ereignis nach dem Pilgersegen.<\/p>\n<p>Sie k\u00f6nnen unsere Reportage \u00fcber den <a href=\"http:\/\/marcheurs.blog.pelerin.info\/autres-chemins\/carnet-de-route-2012-des-pelerins-du-mont-saint-michel\/#more-3985\" target=\"_blank\" rel=\"noopener\">Wandererblog<\/a> der uns w\u00e4hrend der ganzen Woche begleitet hat!<\/p>\n\n\n<p><\/p>","protected":false},"excerpt":{"rendered":"<p>Du parvis de la cath\u00e9drale Notre-Dame de Paris \u00e0 la c\u00e9l\u00e8bre abbaye du Mont-Saint-Michel, d\u00e9couvrez ce grand chemin historique. Ce topoguide (Rf 220) d\u00e9crit, en 160 pages, &#8211; le GR\u00ae 22 allant de Paris au Mont &#8211; et le Chemin de saint Michel de Verneuil-sur-Avre \u00e0 Domfront, pr\u00e9sent\u00e9 comme une option au chemin de Grande [&hellip;]<\/p>\n","protected":false},"author":5,"featured_media":0,"comment_status":"closed","ping_status":"open","sticky":false,"template":"","format":"standard","meta":{"_et_pb_use_builder":"","_et_pb_old_content":"","_et_gb_content_width":"","footnotes":""},"categories":[8],"tags":[],"class_list":["post-224","post","type-post","status-publish","format-standard","hentry","category-archives"],"_links":{"self":[{"href":"https:\/\/lescheminsdumontsaintmichel.com\/de\/wp-json\/wp\/v2\/posts\/224","targetHints":{"allow":["GET"]}}],"collection":[{"href":"https:\/\/lescheminsdumontsaintmichel.com\/de\/wp-json\/wp\/v2\/posts"}],"about":[{"href":"https:\/\/lescheminsdumontsaintmichel.com\/de\/wp-json\/wp\/v2\/types\/post"}],"author":[{"embeddable":true,"href":"https:\/\/lescheminsdumontsaintmichel.com\/de\/wp-json\/wp\/v2\/users\/5"}],"replies":[{"embeddable":true,"href":"https:\/\/lescheminsdumontsaintmichel.com\/de\/wp-json\/wp\/v2\/comments?post=224"}],"version-history":[{"count":2,"href":"https:\/\/lescheminsdumontsaintmichel.com\/de\/wp-json\/wp\/v2\/posts\/224\/revisions"}],"predecessor-version":[{"id":1849,"href":"https:\/\/lescheminsdumontsaintmichel.com\/de\/wp-json\/wp\/v2\/posts\/224\/revisions\/1849"}],"wp:attachment":[{"href":"https:\/\/lescheminsdumontsaintmichel.com\/de\/wp-json\/wp\/v2\/media?parent=224"}],"wp:term":[{"taxonomy":"category","embeddable":true,"href":"https:\/\/lescheminsdumontsaintmichel.com\/de\/wp-json\/wp\/v2\/categories?post=224"},{"taxonomy":"post_tag","embeddable":true,"href":"https:\/\/lescheminsdumontsaintmichel.com\/de\/wp-json\/wp\/v2\/tags?post=224"}],"curies":[{"name":"wp","href":"https:\/\/api.w.org\/{rel}","templated":true}]}}