{"id":222,"date":"2011-10-14T10:58:45","date_gmt":"2011-10-14T08:58:45","guid":{"rendered":"https:\/\/www2.lescheminsdumontsaintmichel.com\/?p=222"},"modified":"2024-10-20T10:38:48","modified_gmt":"2024-10-20T08:38:48","slug":"colloque-sur-larchange-michel-de-lhistoire-a-la-legende","status":"publish","type":"post","link":"https:\/\/lescheminsdumontsaintmichel.com\/de\/colloque-sur-larchange-michel-de-lhistoire-a-la-legende\/","title":{"rendered":"Kolloquium zum Erzengel Michael: Von der Geschichte zur Legende"},"content":{"rendered":"<p>Vom 6. bis 8. Oktober 2011 fand in der Sacra di San Michele ein weiteres europ\u00e4isches wissenschaftliches Treffen statt. Die Referenten diskutierten \u00fcber einen besonderen Aspekt, der allen Michaelis-St\u00e4tten gemein ist: die Legenden, die sich um ihre Gr\u00fcndung und Geschichte ranken.<br \/>\n<a href=\"\/de\/IMG\/pdf\/sacra_convegno_pieghevole_adesivo_11-1.pdf\/\">Flyer zum Symposium<\/a><br \/>\nDie Idee zu diesem Kolloquium entstand w\u00e4hrend der Treffen im Jahr 2009. Die anwesenden Vertreter der michaelischen St\u00e4tten hatten damals viele \u00c4hnlichkeiten in der Erz\u00e4hlung dieser Legenden festgestellt...<br \/>\nAnl\u00e4sslich dieser Treffen unterzeichneten die Kapelle Saint-Michel d'Aiguilhe, die Volontarii de la Sacra di San Michele und die Amis de Saint-Michel de Cux\u00e0 eine Charta, in der sie sich zur Zusammenarbeit verpflichten, um sich auszutauschen und gemeinsame Projekte durchzuf\u00fchren.<\/p>\n<p><a href=\"https:\/\/www2.lescheminsdumontsaintmichel.com\/les-rencontres-europeennes\/\">Entdecken Sie das detaillierte Programm<\/a><\/p>","protected":false},"excerpt":{"rendered":"<p>Du 6 au 8 octobre 2011, la sacra di San Michele a accueilli une nouvelle rencontre scientifique europ\u00e9enne. Les intervenants ont d\u00e9battu d&rsquo;un aspect particulier commun \u00e0 chaque site micha\u00e9lique : les l\u00e9gendes qui entourent leur fondation et leur histoire. D\u00e9pliant du colloque L&rsquo;id\u00e9e de ce colloque est n\u00e9e lors des rencontres de 2009. Les [&hellip;]<\/p>\n","protected":false},"author":5,"featured_media":0,"comment_status":"closed","ping_status":"open","sticky":false,"template":"","format":"standard","meta":{"_et_pb_use_builder":"","_et_pb_old_content":"","_et_gb_content_width":"","footnotes":""},"categories":[8],"tags":[],"class_list":["post-222","post","type-post","status-publish","format-standard","hentry","category-archives"],"_links":{"self":[{"href":"https:\/\/lescheminsdumontsaintmichel.com\/de\/wp-json\/wp\/v2\/posts\/222","targetHints":{"allow":["GET"]}}],"collection":[{"href":"https:\/\/lescheminsdumontsaintmichel.com\/de\/wp-json\/wp\/v2\/posts"}],"about":[{"href":"https:\/\/lescheminsdumontsaintmichel.com\/de\/wp-json\/wp\/v2\/types\/post"}],"author":[{"embeddable":true,"href":"https:\/\/lescheminsdumontsaintmichel.com\/de\/wp-json\/wp\/v2\/users\/5"}],"replies":[{"embeddable":true,"href":"https:\/\/lescheminsdumontsaintmichel.com\/de\/wp-json\/wp\/v2\/comments?post=222"}],"version-history":[{"count":1,"href":"https:\/\/lescheminsdumontsaintmichel.com\/de\/wp-json\/wp\/v2\/posts\/222\/revisions"}],"predecessor-version":[{"id":1237,"href":"https:\/\/lescheminsdumontsaintmichel.com\/de\/wp-json\/wp\/v2\/posts\/222\/revisions\/1237"}],"wp:attachment":[{"href":"https:\/\/lescheminsdumontsaintmichel.com\/de\/wp-json\/wp\/v2\/media?parent=222"}],"wp:term":[{"taxonomy":"category","embeddable":true,"href":"https:\/\/lescheminsdumontsaintmichel.com\/de\/wp-json\/wp\/v2\/categories?post=222"},{"taxonomy":"post_tag","embeddable":true,"href":"https:\/\/lescheminsdumontsaintmichel.com\/de\/wp-json\/wp\/v2\/tags?post=222"}],"curies":[{"name":"wp","href":"https:\/\/api.w.org\/{rel}","templated":true}]}}